{"id":23014,"date":"2022-12-30T16:38:10","date_gmt":"2022-12-30T19:38:10","guid":{"rendered":"http:\/\/www.fumssar.com.br\/?p=23014"},"modified":"2024-10-07T16:32:49","modified_gmt":"2024-10-07T19:32:49","slug":"fumssar-alerta-sobre-sindrome-do-final-de-ano-2","status":"publish","type":"post","link":"https:\/\/www.fumssar.com.br\/?p=23014","title":{"rendered":"FUMSSAR alerta sobre \u201cS\u00edndrome do final de ano\u201d"},"content":{"rendered":"\n<figure class=\"wp-block-image\"><img loading=\"lazy\" decoding=\"async\" width=\"860\" height=\"645\" src=\"http:\/\/www.fumssar.com.br\/wp-content\/uploads\/2023\/01\/Formato-Site-e-Portal-860X645-JPG-2023-01-02T163725.848.jpg\" alt=\"\" class=\"wp-image-23015\" srcset=\"https:\/\/www.fumssar.com.br\/wp-content\/uploads\/2023\/01\/Formato-Site-e-Portal-860X645-JPG-2023-01-02T163725.848.jpg 860w, https:\/\/www.fumssar.com.br\/wp-content\/uploads\/2023\/01\/Formato-Site-e-Portal-860X645-JPG-2023-01-02T163725.848-300x225.jpg 300w, https:\/\/www.fumssar.com.br\/wp-content\/uploads\/2023\/01\/Formato-Site-e-Portal-860X645-JPG-2023-01-02T163725.848-768x576.jpg 768w\" sizes=\"(max-width: 860px) 100vw, 860px\" \/><\/figure>\n\n\n\n<p>O cuidado com a sa\u00fade mental \u00e9 uma das \u00e1reas da sa\u00fade p\u00fablica que mais tem crescido a demanda de atendimentos nos \u00faltimos anos e a tend\u00eancia, conforme estudos, \u00e9 que siga aumentando cada vez mais. Nesse sentido, a Funda\u00e7\u00e3o Municipal de Sa\u00fade de Santa Rosa tem atuado na oferta de um atendimento humanizado atrav\u00e9s dos servi\u00e7os da Rede de Aten\u00e7\u00e3o Psicossocial \u2013 RAPS. Um alerta importante \u00e9 para a \u201cS\u00edndrome do final de ano\u201d. A temporada de festas de fam\u00edlia e f\u00e9rias est\u00e1 acontecendo e para muitos, isso significa reencontrar entes queridos, rever quem se ama e&nbsp;ter&nbsp;longas conversas sobre as experi\u00eancias desse \u00faltimo ano. Entretanto, para outras pessoas, esse momento pode ser um ac\u00famulo de tens\u00e3o, com momentos desconfort\u00e1veis, desacordos e conflitos. N\u00e3o \u00e9 de admirar que muitos jovens estejam apreensivos em voltar para casa nas f\u00e9rias depois de morar longe, ou que fam\u00edlias por vezes, relutem em realizar os encontros natalinos e festivos.<\/p>\n\n\n\n<p>Existem muitas raz\u00f5es pelas quais as dificuldades interpessoais podem surgir, desde situa\u00e7\u00f5es simples, como uma tia que n\u00e3o goste do que voc\u00ea fez com a receita da torta, ou um amigo que tenha opini\u00f5es pol\u00edticas ou religiosas divergentes da maioria. A Gerente da Rede de Aten\u00e7\u00e3o Psicossocial da FUMSSAR, a psic\u00f3loga Fl\u00e1via Albuquerque, relata que os casos de depress\u00e3o e ansiedade aumentam em \u00e9pocas das festas de final de ano e da virada, \u201cDesde a pandemia, as pessoas criaram uma rotina de menos conviv\u00eancia e socializa\u00e7\u00e3o, o que pode levar ao isolamento social, sintomas de ansiedade generalizada, p\u00e2nico, entre outros\u201d. Uma resposta que come\u00e7a com a palavra \u201cbem&#8230;\u201d pode ser um aviso de desacordo, ent\u00e3o neste momento de confraterniza\u00e7\u00e3o, depois de um per\u00edodo pand\u00eamico que colocou todos \u00e0 prova, vale a pena evitar tais desconfortos e conflitos. \u00c9 tempo de rever quem amamos, reunir pessoas de perto e de longe, confraternizar e sonhar com um novo ano que est\u00e1 nascendo cheio de possibilidades e esperan\u00e7as.<\/p>\n","protected":false},"excerpt":{"rendered":"<p>O cuidado com a sa\u00fade mental \u00e9 uma das \u00e1reas da sa\u00fade p\u00fablica que mais&#8230;<\/p>\n","protected":false},"author":36,"featured_media":23015,"comment_status":"closed","ping_status":"closed","sticky":false,"template":"","format":"standard","meta":{"footnotes":""},"categories":[2],"tags":[],"_links":{"self":[{"href":"https:\/\/www.fumssar.com.br\/index.php?rest_route=\/wp\/v2\/posts\/23014"}],"collection":[{"href":"https:\/\/www.fumssar.com.br\/index.php?rest_route=\/wp\/v2\/posts"}],"about":[{"href":"https:\/\/www.fumssar.com.br\/index.php?rest_route=\/wp\/v2\/types\/post"}],"author":[{"embeddable":true,"href":"https:\/\/www.fumssar.com.br\/index.php?rest_route=\/wp\/v2\/users\/36"}],"replies":[{"embeddable":true,"href":"https:\/\/www.fumssar.com.br\/index.php?rest_route=%2Fwp%2Fv2%2Fcomments&post=23014"}],"version-history":[{"count":1,"href":"https:\/\/www.fumssar.com.br\/index.php?rest_route=\/wp\/v2\/posts\/23014\/revisions"}],"predecessor-version":[{"id":23016,"href":"https:\/\/www.fumssar.com.br\/index.php?rest_route=\/wp\/v2\/posts\/23014\/revisions\/23016"}],"wp:featuredmedia":[{"embeddable":true,"href":"https:\/\/www.fumssar.com.br\/index.php?rest_route=\/wp\/v2\/media\/23015"}],"wp:attachment":[{"href":"https:\/\/www.fumssar.com.br\/index.php?rest_route=%2Fwp%2Fv2%2Fmedia&parent=23014"}],"wp:term":[{"taxonomy":"category","embeddable":true,"href":"https:\/\/www.fumssar.com.br\/index.php?rest_route=%2Fwp%2Fv2%2Fcategories&post=23014"},{"taxonomy":"post_tag","embeddable":true,"href":"https:\/\/www.fumssar.com.br\/index.php?rest_route=%2Fwp%2Fv2%2Ftags&post=23014"}],"curies":[{"name":"wp","href":"https:\/\/api.w.org\/{rel}","templated":true}]}}