{"id":22939,"date":"2022-12-27T10:17:29","date_gmt":"2022-12-27T13:17:29","guid":{"rendered":"http:\/\/www.fumssar.com.br\/?p=22939"},"modified":"2024-10-07T16:32:49","modified_gmt":"2024-10-07T19:32:49","slug":"fumssar-completa-27-anos-nesta-terca-feira","status":"publish","type":"post","link":"https:\/\/www.fumssar.com.br\/?p=22939","title":{"rendered":"FUMSSAR completa 27 anos nesta ter\u00e7a-feira"},"content":{"rendered":"\n<figure class=\"wp-block-image\"><img loading=\"lazy\" decoding=\"async\" width=\"1024\" height=\"1024\" src=\"https:\/\/www.fumssar.com.br\/wp-content\/uploads\/2022\/12\/Post-para-Instagram-Anivers\u00e1rio-Cidade-1024x1024.png\" alt=\"\" class=\"wp-image-22940\" srcset=\"https:\/\/www.fumssar.com.br\/wp-content\/uploads\/2022\/12\/Post-para-Instagram-Anivers\u00e1rio-Cidade-1024x1024.png 1024w, https:\/\/www.fumssar.com.br\/wp-content\/uploads\/2022\/12\/Post-para-Instagram-Anivers\u00e1rio-Cidade-150x150.png 150w, https:\/\/www.fumssar.com.br\/wp-content\/uploads\/2022\/12\/Post-para-Instagram-Anivers\u00e1rio-Cidade-300x300.png 300w, https:\/\/www.fumssar.com.br\/wp-content\/uploads\/2022\/12\/Post-para-Instagram-Anivers\u00e1rio-Cidade-768x768.png 768w, https:\/\/www.fumssar.com.br\/wp-content\/uploads\/2022\/12\/Post-para-Instagram-Anivers\u00e1rio-Cidade.png 1080w\" sizes=\"(max-width: 1024px) 100vw, 1024px\" \/><\/figure>\n\n\n\n<p>A FUMSSAR \u2013 Funda\u00e7\u00e3o Municipal de Sa\u00fade de Santa Rosa completa 27 anos nesta ter\u00e7a-feira (27). Fundada em dezembro de 1995, hoje \u00e9 refer\u00eancia no estado e destacou o munic\u00edpio como uma das melhores cidades do pa\u00eds, em servi\u00e7os de sa\u00fade. Com 414 servidores ativos, 18 Unidades B\u00e1sicas de Sa\u00fade e diversos outros servi\u00e7os, a institui\u00e7\u00e3o tem a miss\u00e3o de realizar um atendimento de qualidade e humanizado.<\/p>\n\n\n\n<p>Criada atrav\u00e9s da Lei 2.912, de autoria do ent\u00e3o prefeito da \u00e9poca, Osmar Gasparini Terra, a Funda\u00e7\u00e3o passou a ser o \u00f3rg\u00e3o respons\u00e1vel por estruturar o servi\u00e7o municipal de sa\u00fade. De l\u00e1 para c\u00e1, grandes conquistas e avan\u00e7os foram realizados. Tudo isso, sob a vis\u00e3o de diferentes gestores e fundamentalmente, com a participa\u00e7\u00e3o popular. O Presidente da FUMSSAR, D\u00e9lcio Stefan destaca o trabalho que vem sendo realizado na sa\u00fade p\u00fablica de Santa Rosa, \u201c\u00c9 um dia de muita alegria, pois podemos olhar para o in\u00edcio e ver o quanto conquistamos para o servi\u00e7o de sa\u00fade de Santa Rosa. Fruto do trabalho e dedica\u00e7\u00e3o que a gest\u00e3o municipal e os servidores comprometidos v\u00eam desenvolvendo ao longo destes 27 anos. Temos orgulho da Funda\u00e7\u00e3o, pois sabemos que em Santa Rosa, temos uma sa\u00fade e um atendimento de qualidade\u201d. Al\u00e9m disso, os resultados positivos s\u00e3o reflexo do Planejamento Estrat\u00e9gico da Gest\u00e3o, educa\u00e7\u00e3o permanente, implementa\u00e7\u00e3o de atendimento no terceiro turno em 04 UBS\u2019s, equipes t\u00e9cnicas qualificadas e uma Rede de Sa\u00fade Municipal integrada, que trabalha em conjunto, para oferecer a melhor sa\u00fade p\u00fablica para a popula\u00e7\u00e3o santa-rosense.<\/p>\n\n\n\n<p>No momento, a FUMSSAR possui a seguinte estrutura: Aten\u00e7\u00e3o Prim\u00e1ria em Sa\u00fade com 18 UBS\u2019s, Farm\u00e1cia Municipal, Vigil\u00e2ncias em Sa\u00fade, Centros de Aten\u00e7\u00e3o Psicossocial e as PICS \u2013 Pr\u00e1ticas Integrativas e Complementares. A Rede Complementar possui: Centro de Especialidades, Centro Macrorregional TEA \u2013 Transtorno do Espectro Autista, CER II, CEREST, Hemocentro e Laborat\u00f3rio Municipal de An\u00e1lises Cl\u00ednicas. Al\u00e9m disso, a FUMSSAR possui um N\u00facleo de Ensino e Pesquisa \u2013 NEP e h\u00e1 16 anos atua com o Programa de Resid\u00eancia M\u00e9dica em Medicina da Fam\u00edlia e Comunidade e o Programa de Resid\u00eancia Multiprofissional em Sa\u00fade da Fam\u00edlia e Comunidade.<\/p>\n","protected":false},"excerpt":{"rendered":"<p>A FUMSSAR \u2013 Funda\u00e7\u00e3o Municipal de Sa\u00fade de Santa Rosa completa 27 anos nesta ter\u00e7a-feira&#8230;<\/p>\n","protected":false},"author":36,"featured_media":22940,"comment_status":"closed","ping_status":"closed","sticky":false,"template":"","format":"standard","meta":{"footnotes":""},"categories":[2],"tags":[],"_links":{"self":[{"href":"https:\/\/www.fumssar.com.br\/index.php?rest_route=\/wp\/v2\/posts\/22939"}],"collection":[{"href":"https:\/\/www.fumssar.com.br\/index.php?rest_route=\/wp\/v2\/posts"}],"about":[{"href":"https:\/\/www.fumssar.com.br\/index.php?rest_route=\/wp\/v2\/types\/post"}],"author":[{"embeddable":true,"href":"https:\/\/www.fumssar.com.br\/index.php?rest_route=\/wp\/v2\/users\/36"}],"replies":[{"embeddable":true,"href":"https:\/\/www.fumssar.com.br\/index.php?rest_route=%2Fwp%2Fv2%2Fcomments&post=22939"}],"version-history":[{"count":1,"href":"https:\/\/www.fumssar.com.br\/index.php?rest_route=\/wp\/v2\/posts\/22939\/revisions"}],"predecessor-version":[{"id":22941,"href":"https:\/\/www.fumssar.com.br\/index.php?rest_route=\/wp\/v2\/posts\/22939\/revisions\/22941"}],"wp:featuredmedia":[{"embeddable":true,"href":"https:\/\/www.fumssar.com.br\/index.php?rest_route=\/wp\/v2\/media\/22940"}],"wp:attachment":[{"href":"https:\/\/www.fumssar.com.br\/index.php?rest_route=%2Fwp%2Fv2%2Fmedia&parent=22939"}],"wp:term":[{"taxonomy":"category","embeddable":true,"href":"https:\/\/www.fumssar.com.br\/index.php?rest_route=%2Fwp%2Fv2%2Fcategories&post=22939"},{"taxonomy":"post_tag","embeddable":true,"href":"https:\/\/www.fumssar.com.br\/index.php?rest_route=%2Fwp%2Fv2%2Ftags&post=22939"}],"curies":[{"name":"wp","href":"https:\/\/api.w.org\/{rel}","templated":true}]}}