{"id":22919,"date":"2022-12-21T15:47:00","date_gmt":"2022-12-21T18:47:00","guid":{"rendered":"http:\/\/www.fumssar.com.br\/?p=22919"},"modified":"2024-10-07T16:32:49","modified_gmt":"2024-10-07T19:32:49","slug":"equipe-da-macrotea-realiza-avaliacao-dos-centros-regionais-e-o-planejamento-de-acoes-para-2023","status":"publish","type":"post","link":"https:\/\/www.fumssar.com.br\/?p=22919","title":{"rendered":"Equipe da MacroTEA realiza avalia\u00e7\u00e3o dos Centros Regionais e o planejamento de a\u00e7\u00f5es para 2023"},"content":{"rendered":"\n<figure class=\"wp-block-image\"><img loading=\"lazy\" decoding=\"async\" width=\"860\" height=\"645\" src=\"http:\/\/www.fumssar.com.br\/wp-content\/uploads\/2022\/12\/Formato-Site-e-Portal-860X645-JPG-2022-12-21T154507.296.jpg\" alt=\"\" class=\"wp-image-22920\" srcset=\"https:\/\/www.fumssar.com.br\/wp-content\/uploads\/2022\/12\/Formato-Site-e-Portal-860X645-JPG-2022-12-21T154507.296.jpg 860w, https:\/\/www.fumssar.com.br\/wp-content\/uploads\/2022\/12\/Formato-Site-e-Portal-860X645-JPG-2022-12-21T154507.296-300x225.jpg 300w, https:\/\/www.fumssar.com.br\/wp-content\/uploads\/2022\/12\/Formato-Site-e-Portal-860X645-JPG-2022-12-21T154507.296-768x576.jpg 768w\" sizes=\"(max-width: 860px) 100vw, 860px\" \/><\/figure>\n\n\n\n<p>Avalia\u00e7\u00e3o\ne proje\u00e7\u00f5es para os servi\u00e7os de Refer\u00eancia em Transtorno do Espectro Autista da\nMacrorregi\u00e3o Missioneira. A equipe da MacroTEA &#8211; Centro Macrorregional de\nRefer\u00eancia em Transtorno do Espectro Autista de Santa Rosa realizou uma atividade\nde avalia\u00e7\u00e3o do desempenho das 4 regionais de TEA, que fazem parte da Macrorregi\u00e3o\nMissioneira de Sa\u00fade. Na oportunidade, tamb\u00e9m foi realizado o planejamento de\na\u00e7\u00f5es para o pr\u00f3ximo ano. <\/p>\n\n\n\n<p>Entre\nas atividades propostas, foi realizado um cronograma mensal com a\u00e7\u00f5es que fazem\nrefer\u00eancia ao autismo, para serem desenvolvidas nos servi\u00e7os de toda a regi\u00e3o. O\nobjetivo \u00e9 criar uma a\u00e7\u00e3o conjunta com todos os Centros de Refer\u00eancia em TEA,\nal\u00e9m de promover atividades direcionadas para diferentes p\u00fablicos, como:\nprofissionais da sa\u00fade que atuam na urg\u00eancia e emerg\u00eancia, \u00f3rg\u00e3os de seguran\u00e7a\np\u00fablica, laborat\u00f3rios de an\u00e1lises cl\u00ednicas e demais profissionais da sa\u00fade,\neduca\u00e7\u00e3o e assist\u00eancia social. A Coordenadora do Centro Macrorregional de\nRefer\u00eancia em Transtorno do Espectro Autista de Santa Rosa, a psic\u00f3loga Fl\u00e1via\nAlbuquerque, destaca que a ideia \u00e9 olhar para o servi\u00e7o como um todo, \u201cEstamos\ndesenvolvendo um trabalho em conjunto com todos os servi\u00e7os que prestam\natendimento aos autistas, buscando compreender a realidade do paciente e\ndesenvolvendo a\u00e7\u00f5es que permitam a inser\u00e7\u00e3o adequada do mesmo, nos diversos\nespa\u00e7os da sociedade. Santa Rosa pretende continuar fortalecendo as redes\nlocais existentes e construindo no munic\u00edpio, um cuidado inclusivo aos autistas\ne seus familiares, al\u00e9m de promover a qualifica\u00e7\u00e3o t\u00e9cnica cont\u00ednua para os\nprofissionais que atuam no TEA\u201d. Ao todo, s\u00e3o 910 autistas em atendimento nos\nservi\u00e7os SUS, nos 79 munic\u00edpios que fazem parte da Macrorregi\u00e3o Missioneira.<\/p>\n","protected":false},"excerpt":{"rendered":"<p>Avalia\u00e7\u00e3o e proje\u00e7\u00f5es para os servi\u00e7os de Refer\u00eancia em Transtorno do Espectro Autista da Macrorregi\u00e3o&#8230;<\/p>\n","protected":false},"author":36,"featured_media":22921,"comment_status":"closed","ping_status":"closed","sticky":false,"template":"","format":"standard","meta":{"footnotes":""},"categories":[2],"tags":[],"_links":{"self":[{"href":"https:\/\/www.fumssar.com.br\/index.php?rest_route=\/wp\/v2\/posts\/22919"}],"collection":[{"href":"https:\/\/www.fumssar.com.br\/index.php?rest_route=\/wp\/v2\/posts"}],"about":[{"href":"https:\/\/www.fumssar.com.br\/index.php?rest_route=\/wp\/v2\/types\/post"}],"author":[{"embeddable":true,"href":"https:\/\/www.fumssar.com.br\/index.php?rest_route=\/wp\/v2\/users\/36"}],"replies":[{"embeddable":true,"href":"https:\/\/www.fumssar.com.br\/index.php?rest_route=%2Fwp%2Fv2%2Fcomments&post=22919"}],"version-history":[{"count":1,"href":"https:\/\/www.fumssar.com.br\/index.php?rest_route=\/wp\/v2\/posts\/22919\/revisions"}],"predecessor-version":[{"id":22922,"href":"https:\/\/www.fumssar.com.br\/index.php?rest_route=\/wp\/v2\/posts\/22919\/revisions\/22922"}],"wp:featuredmedia":[{"embeddable":true,"href":"https:\/\/www.fumssar.com.br\/index.php?rest_route=\/wp\/v2\/media\/22921"}],"wp:attachment":[{"href":"https:\/\/www.fumssar.com.br\/index.php?rest_route=%2Fwp%2Fv2%2Fmedia&parent=22919"}],"wp:term":[{"taxonomy":"category","embeddable":true,"href":"https:\/\/www.fumssar.com.br\/index.php?rest_route=%2Fwp%2Fv2%2Fcategories&post=22919"},{"taxonomy":"post_tag","embeddable":true,"href":"https:\/\/www.fumssar.com.br\/index.php?rest_route=%2Fwp%2Fv2%2Ftags&post=22919"}],"curies":[{"name":"wp","href":"https:\/\/api.w.org\/{rel}","templated":true}]}}