{"id":22915,"date":"2022-12-20T15:04:33","date_gmt":"2022-12-20T18:04:33","guid":{"rendered":"http:\/\/www.fumssar.com.br\/?p=22915"},"modified":"2024-10-07T16:32:49","modified_gmt":"2024-10-07T19:32:49","slug":"fumssar-divulga-cronograma-da-vacinacao-covid-19","status":"publish","type":"post","link":"https:\/\/www.fumssar.com.br\/?p=22915","title":{"rendered":"FUMSSAR divulga cronograma da vacina\u00e7\u00e3o COVID-19"},"content":{"rendered":"\n<figure class=\"wp-block-image\"><img loading=\"lazy\" decoding=\"async\" width=\"1024\" height=\"1024\" src=\"https:\/\/www.fumssar.com.br\/wp-content\/uploads\/2022\/12\/Aviso-vacina-1024x1024.png\" alt=\"\" class=\"wp-image-22916\" srcset=\"https:\/\/www.fumssar.com.br\/wp-content\/uploads\/2022\/12\/Aviso-vacina-1024x1024.png 1024w, https:\/\/www.fumssar.com.br\/wp-content\/uploads\/2022\/12\/Aviso-vacina-150x150.png 150w, https:\/\/www.fumssar.com.br\/wp-content\/uploads\/2022\/12\/Aviso-vacina-300x300.png 300w, https:\/\/www.fumssar.com.br\/wp-content\/uploads\/2022\/12\/Aviso-vacina-768x768.png 768w, https:\/\/www.fumssar.com.br\/wp-content\/uploads\/2022\/12\/Aviso-vacina.png 1080w\" sizes=\"(max-width: 1024px) 100vw, 1024px\" \/><\/figure>\n\n\n\n<p>A Funda\u00e7\u00e3o Municipal de Sa\u00fade de Santa Rosa informa a popula\u00e7\u00e3o o cronograma para a vacina\u00e7\u00e3o da COVID-19 no munic\u00edpio. Ainda neste m\u00eas de dezembro, a imuniza\u00e7\u00e3o vai acontecer na segunda-feira (26), das 18h30min \u00e0s 21h30min, na UBS do Centro. Nesse mesmo dia, v\u00e3o ser aplicadas tamb\u00e9m, as vacinas para os beb\u00eas a partir dos 06 meses de idade e crian\u00e7as de at\u00e9 2 anos que tenham doen\u00e7as pr\u00e9-existentes, as chamadas comorbidades. Entre as comorbidades inclu\u00eddas como priorit\u00e1rias para a vacina\u00e7\u00e3o contra a COVID-19, est\u00e3o: prematuridade, transplantes, diabetes, cardiopatias e nefropatias.<\/p>\n\n\n\n<p>A partir de janeiro de 2023, as doses v\u00e3o ser aplicadas todas as segundas-feiras, das 13h30min \u00e0s 17h, nas seguintes Unidades B\u00e1sicas de Sa\u00fade: Cruzeiro, J\u00falio de Oliveira, Balne\u00e1ria, Agr\u00edcola e Centro. Para se vacinar, \u00e9 preciso levar documento com foto, CPF e a caderneta de vacina\u00e7\u00e3o. O atendimento ir\u00e1 ocorrer mediante a capacidade di\u00e1ria m\u00e1xima de aplica\u00e7\u00e3o. Na \u00faltima semana, de 12 a 18\/12, Santa Rosa registrou 190 casos ativos da doen\u00e7a. Confira no site da FUMSSAR, os endere\u00e7os de cada UBS, as faixas et\u00e1rias e o intervalo entre as doses.<\/p>\n\n\n\n<figure class=\"wp-block-image\"><img loading=\"lazy\" decoding=\"async\" width=\"1024\" height=\"1024\" src=\"https:\/\/www.fumssar.com.br\/wp-content\/uploads\/2022\/12\/Cronograma-janeiro-vacina-1024x1024.png\" alt=\"\" class=\"wp-image-22917\" srcset=\"https:\/\/www.fumssar.com.br\/wp-content\/uploads\/2022\/12\/Cronograma-janeiro-vacina-1024x1024.png 1024w, https:\/\/www.fumssar.com.br\/wp-content\/uploads\/2022\/12\/Cronograma-janeiro-vacina-150x150.png 150w, https:\/\/www.fumssar.com.br\/wp-content\/uploads\/2022\/12\/Cronograma-janeiro-vacina-300x300.png 300w, https:\/\/www.fumssar.com.br\/wp-content\/uploads\/2022\/12\/Cronograma-janeiro-vacina-768x768.png 768w, https:\/\/www.fumssar.com.br\/wp-content\/uploads\/2022\/12\/Cronograma-janeiro-vacina.png 1080w\" sizes=\"(max-width: 1024px) 100vw, 1024px\" \/><figcaption>A partir de Janeiro\/2023<\/figcaption><\/figure>\n","protected":false},"excerpt":{"rendered":"<p>A Funda\u00e7\u00e3o Municipal de Sa\u00fade de Santa Rosa informa a popula\u00e7\u00e3o o cronograma para a&#8230;<\/p>\n","protected":false},"author":36,"featured_media":22916,"comment_status":"closed","ping_status":"closed","sticky":false,"template":"","format":"standard","meta":{"footnotes":""},"categories":[152,2],"tags":[],"_links":{"self":[{"href":"https:\/\/www.fumssar.com.br\/index.php?rest_route=\/wp\/v2\/posts\/22915"}],"collection":[{"href":"https:\/\/www.fumssar.com.br\/index.php?rest_route=\/wp\/v2\/posts"}],"about":[{"href":"https:\/\/www.fumssar.com.br\/index.php?rest_route=\/wp\/v2\/types\/post"}],"author":[{"embeddable":true,"href":"https:\/\/www.fumssar.com.br\/index.php?rest_route=\/wp\/v2\/users\/36"}],"replies":[{"embeddable":true,"href":"https:\/\/www.fumssar.com.br\/index.php?rest_route=%2Fwp%2Fv2%2Fcomments&post=22915"}],"version-history":[{"count":1,"href":"https:\/\/www.fumssar.com.br\/index.php?rest_route=\/wp\/v2\/posts\/22915\/revisions"}],"predecessor-version":[{"id":22918,"href":"https:\/\/www.fumssar.com.br\/index.php?rest_route=\/wp\/v2\/posts\/22915\/revisions\/22918"}],"wp:featuredmedia":[{"embeddable":true,"href":"https:\/\/www.fumssar.com.br\/index.php?rest_route=\/wp\/v2\/media\/22916"}],"wp:attachment":[{"href":"https:\/\/www.fumssar.com.br\/index.php?rest_route=%2Fwp%2Fv2%2Fmedia&parent=22915"}],"wp:term":[{"taxonomy":"category","embeddable":true,"href":"https:\/\/www.fumssar.com.br\/index.php?rest_route=%2Fwp%2Fv2%2Fcategories&post=22915"},{"taxonomy":"post_tag","embeddable":true,"href":"https:\/\/www.fumssar.com.br\/index.php?rest_route=%2Fwp%2Fv2%2Ftags&post=22915"}],"curies":[{"name":"wp","href":"https:\/\/api.w.org\/{rel}","templated":true}]}}