{"id":22812,"date":"2022-12-07T11:25:46","date_gmt":"2022-12-07T14:25:46","guid":{"rendered":"http:\/\/www.fumssar.com.br\/?p=22812"},"modified":"2024-10-07T16:32:49","modified_gmt":"2024-10-07T19:32:49","slug":"covid-19-confira-o-horario-da-vacinacao-para-a-proxima-sexta-feira","status":"publish","type":"post","link":"https:\/\/www.fumssar.com.br\/?p=22812","title":{"rendered":"COVID-19: Confira o hor\u00e1rio da vacina\u00e7\u00e3o para a pr\u00f3xima sexta-feira"},"content":{"rendered":"\n<figure class=\"wp-block-image\"><img loading=\"lazy\" decoding=\"async\" width=\"1024\" height=\"1024\" src=\"http:\/\/www.fumssar.com.br\/wp-content\/uploads\/2022\/12\/Post-Comunicado3-1024x1024.png\" alt=\"\" class=\"wp-image-22813\" srcset=\"https:\/\/www.fumssar.com.br\/wp-content\/uploads\/2022\/12\/Post-Comunicado3-1024x1024.png 1024w, https:\/\/www.fumssar.com.br\/wp-content\/uploads\/2022\/12\/Post-Comunicado3-150x150.png 150w, https:\/\/www.fumssar.com.br\/wp-content\/uploads\/2022\/12\/Post-Comunicado3-300x300.png 300w, https:\/\/www.fumssar.com.br\/wp-content\/uploads\/2022\/12\/Post-Comunicado3-768x768.png 768w, https:\/\/www.fumssar.com.br\/wp-content\/uploads\/2022\/12\/Post-Comunicado3.png 1080w\" sizes=\"(max-width: 1024px) 100vw, 1024px\" \/><\/figure>\n\n\n\n<p>A FUMSSAR informa a popula\u00e7\u00e3o que a vacina\u00e7\u00e3o contra a COVID-19, na sexta-feira (09), vai acontecer das 15h \u00e0s 17h, na UBS do Centro. Neste mesmo dia, v\u00e3o estar sendo disponibilizadas tamb\u00e9m, a vacina\u00e7\u00e3o para os beb\u00eas a partir dos 06 meses de idade e crian\u00e7as de at\u00e9 2 anos que tenham doen\u00e7as pr\u00e9-existentes, as chamadas comorbidades. Para esta faixa et\u00e1ria, a aplica\u00e7\u00e3o vai ser realizada, com o imunizante da Pfizer e seguir\u00e1 com um esquema de aplica\u00e7\u00e3o de tr\u00eas doses. As duas primeiras s\u00e3o aplicadas com um intervalo de 04 semanas e a terceira deve ser aplicada ap\u00f3s oito semanas da segunda dose. Entre as comorbidades inclu\u00eddas como priorit\u00e1rias para a vacina\u00e7\u00e3o contra a COVID-19, est\u00e3o: S\u00edndrome de Down; Diabetes mellitus; Pneumopatias cr\u00f4nicas graves; Anemia falciforme; Doen\u00e7as cardiovasculares; Obesidade grave; Doen\u00e7a renal; Cirrose hep\u00e1tica e imunossuprimidos.<\/p>\n\n\n\n<p>Tamb\u00e9m vai estar dispon\u00edvel, a 4\u00aa dose para pessoas a partir dos 30 anos de idade.&nbsp;Para se vacinar, \u00e9 preciso levar documento com foto, CPF e a caderneta de vacina\u00e7\u00e3o. A UBS do Centro fica localizada na Rua Buenos Aires, 40 \u2013 centro. Confira no site da FUMSSAR, as faixas et\u00e1rias e o intervalo entre as doses.<\/p>\n","protected":false},"excerpt":{"rendered":"<p>A FUMSSAR informa a popula\u00e7\u00e3o que a vacina\u00e7\u00e3o contra a COVID-19, na sexta-feira (09), vai&#8230;<\/p>\n","protected":false},"author":36,"featured_media":22814,"comment_status":"closed","ping_status":"closed","sticky":false,"template":"","format":"standard","meta":{"footnotes":""},"categories":[152,2],"tags":[],"_links":{"self":[{"href":"https:\/\/www.fumssar.com.br\/index.php?rest_route=\/wp\/v2\/posts\/22812"}],"collection":[{"href":"https:\/\/www.fumssar.com.br\/index.php?rest_route=\/wp\/v2\/posts"}],"about":[{"href":"https:\/\/www.fumssar.com.br\/index.php?rest_route=\/wp\/v2\/types\/post"}],"author":[{"embeddable":true,"href":"https:\/\/www.fumssar.com.br\/index.php?rest_route=\/wp\/v2\/users\/36"}],"replies":[{"embeddable":true,"href":"https:\/\/www.fumssar.com.br\/index.php?rest_route=%2Fwp%2Fv2%2Fcomments&post=22812"}],"version-history":[{"count":1,"href":"https:\/\/www.fumssar.com.br\/index.php?rest_route=\/wp\/v2\/posts\/22812\/revisions"}],"predecessor-version":[{"id":22815,"href":"https:\/\/www.fumssar.com.br\/index.php?rest_route=\/wp\/v2\/posts\/22812\/revisions\/22815"}],"wp:featuredmedia":[{"embeddable":true,"href":"https:\/\/www.fumssar.com.br\/index.php?rest_route=\/wp\/v2\/media\/22814"}],"wp:attachment":[{"href":"https:\/\/www.fumssar.com.br\/index.php?rest_route=%2Fwp%2Fv2%2Fmedia&parent=22812"}],"wp:term":[{"taxonomy":"category","embeddable":true,"href":"https:\/\/www.fumssar.com.br\/index.php?rest_route=%2Fwp%2Fv2%2Fcategories&post=22812"},{"taxonomy":"post_tag","embeddable":true,"href":"https:\/\/www.fumssar.com.br\/index.php?rest_route=%2Fwp%2Fv2%2Ftags&post=22812"}],"curies":[{"name":"wp","href":"https:\/\/api.w.org\/{rel}","templated":true}]}}