{"id":22807,"date":"2022-12-06T16:40:03","date_gmt":"2022-12-06T19:40:03","guid":{"rendered":"http:\/\/www.fumssar.com.br\/?p=22807"},"modified":"2024-10-07T16:32:49","modified_gmt":"2024-10-07T19:32:49","slug":"covid-19-liberada-a-quarta-dose-para-30-anos-ou-mais","status":"publish","type":"post","link":"https:\/\/www.fumssar.com.br\/?p=22807","title":{"rendered":"COVID-19: liberada a quarta dose para 30 anos ou mais"},"content":{"rendered":"\n<figure class=\"wp-block-image\"><img loading=\"lazy\" decoding=\"async\" width=\"1024\" height=\"1024\" src=\"http:\/\/www.fumssar.com.br\/wp-content\/uploads\/2022\/12\/COVID-DOSE-1024x1024.png\" alt=\"\" class=\"wp-image-22808\" srcset=\"https:\/\/www.fumssar.com.br\/wp-content\/uploads\/2022\/12\/COVID-DOSE-1024x1024.png 1024w, https:\/\/www.fumssar.com.br\/wp-content\/uploads\/2022\/12\/COVID-DOSE-150x150.png 150w, https:\/\/www.fumssar.com.br\/wp-content\/uploads\/2022\/12\/COVID-DOSE-300x300.png 300w, https:\/\/www.fumssar.com.br\/wp-content\/uploads\/2022\/12\/COVID-DOSE-768x768.png 768w, https:\/\/www.fumssar.com.br\/wp-content\/uploads\/2022\/12\/COVID-DOSE.png 1080w\" sizes=\"(max-width: 1024px) 100vw, 1024px\" \/><\/figure>\n\n\n\n<p>A Funda\u00e7\u00e3o Municipal de Sa\u00fade de Santa Rosa informa que a partir desta&nbsp;quarta-feira (07), a 4\u00aa dose &#8211;&nbsp;segunda&nbsp;dose de refor\u00e7o (DR2), passa a ser aplicada para pessoas a partir dos 30 anos. O refor\u00e7o \u00e9 recomendado quatro meses ap\u00f3s a terceira dose &#8211; primeira dose de refor\u00e7o (DR1). Caso o cidad\u00e3o estiver com alguma outra dose em atraso, deve primeiro completar o esquema (prim\u00e1rio ou refor\u00e7o), dentro dos prazos estabelecidos.<\/p>\n\n\n\n<p>A&nbsp;quarta&nbsp;dose vai ser aplicada na Unidade B\u00e1sica de Sa\u00fade do Centro. O atendimento acontece tr\u00eas dias na semana:&nbsp;segunda-feira &#8211; das18h30min \u00e0s 21h30min,&nbsp;quarta-feira &#8211; das 13h30min \u00e0s 17h e&nbsp;sexta-feira &#8211; das 13h30min \u00e0s 17h. O atendimento ocorre mediante a capacidade di\u00e1ria m\u00e1xima de aplica\u00e7\u00e3o. Para se vacinar, \u00e9 preciso levar documento com foto, CPF e a caderneta de vacina\u00e7\u00e3o. A UBS do Centro fica localizada na Rua Buenos Aires, 40 \u2013 centro. Confira no site da FUMSSAR, as faixas et\u00e1rias e o intervalo entre as doses.<\/p>\n\n\n\n<p>Completar o esquema vacinal com a\u00a0segunda\u00a0dose de refor\u00e7o contra a COVID-19, pode diminuir em at\u00e9 16 vezes o risco de morte pela doen\u00e7a em determinadas idades. A redu\u00e7\u00e3o \u00e9 apresentada no balan\u00e7o da situa\u00e7\u00e3o vacinal entre as pessoas que morreram por complica\u00e7\u00f5es provocadas pelo coronav\u00edrus. Os dados foram divulgados nesta\u00a0sexta-feira (02\/12), pelo Centro Estadual de Vigil\u00e2ncia em Sa\u00fade \u2013 Cevs. Entre os idosos, popula\u00e7\u00e3o considerada mais vulner\u00e1vel pelo fato de terem uma imunidade mais limitada, a taxa de mortalidade \u00e9 at\u00e9 oito vezes menor para quem j\u00e1 fez a\u00a0segunda\u00a0dose de refor\u00e7o, em compara\u00e7\u00e3o com a pessoa que n\u00e3o est\u00e1 com o esquema prim\u00e1rio completo.<\/p>\n\n\n\n<figure class=\"wp-block-image\"><img loading=\"lazy\" decoding=\"async\" width=\"1024\" height=\"1024\" src=\"http:\/\/www.fumssar.com.br\/wp-content\/uploads\/2022\/12\/Informa\u00e7\u00f5es-Vacina-Cartaz-1024x1024.png\" alt=\"\" class=\"wp-image-22809\" srcset=\"https:\/\/www.fumssar.com.br\/wp-content\/uploads\/2022\/12\/Informa\u00e7\u00f5es-Vacina-Cartaz-1024x1024.png 1024w, https:\/\/www.fumssar.com.br\/wp-content\/uploads\/2022\/12\/Informa\u00e7\u00f5es-Vacina-Cartaz-150x150.png 150w, https:\/\/www.fumssar.com.br\/wp-content\/uploads\/2022\/12\/Informa\u00e7\u00f5es-Vacina-Cartaz-300x300.png 300w, https:\/\/www.fumssar.com.br\/wp-content\/uploads\/2022\/12\/Informa\u00e7\u00f5es-Vacina-Cartaz-768x768.png 768w, https:\/\/www.fumssar.com.br\/wp-content\/uploads\/2022\/12\/Informa\u00e7\u00f5es-Vacina-Cartaz.png 1080w\" sizes=\"(max-width: 1024px) 100vw, 1024px\" \/><\/figure>\n","protected":false},"excerpt":{"rendered":"<p>A Funda\u00e7\u00e3o Municipal de Sa\u00fade de Santa Rosa informa que a partir desta&nbsp;quarta-feira (07), a&#8230;<\/p>\n","protected":false},"author":36,"featured_media":22810,"comment_status":"closed","ping_status":"closed","sticky":false,"template":"","format":"standard","meta":{"footnotes":""},"categories":[152,2],"tags":[],"_links":{"self":[{"href":"https:\/\/www.fumssar.com.br\/index.php?rest_route=\/wp\/v2\/posts\/22807"}],"collection":[{"href":"https:\/\/www.fumssar.com.br\/index.php?rest_route=\/wp\/v2\/posts"}],"about":[{"href":"https:\/\/www.fumssar.com.br\/index.php?rest_route=\/wp\/v2\/types\/post"}],"author":[{"embeddable":true,"href":"https:\/\/www.fumssar.com.br\/index.php?rest_route=\/wp\/v2\/users\/36"}],"replies":[{"embeddable":true,"href":"https:\/\/www.fumssar.com.br\/index.php?rest_route=%2Fwp%2Fv2%2Fcomments&post=22807"}],"version-history":[{"count":1,"href":"https:\/\/www.fumssar.com.br\/index.php?rest_route=\/wp\/v2\/posts\/22807\/revisions"}],"predecessor-version":[{"id":22811,"href":"https:\/\/www.fumssar.com.br\/index.php?rest_route=\/wp\/v2\/posts\/22807\/revisions\/22811"}],"wp:featuredmedia":[{"embeddable":true,"href":"https:\/\/www.fumssar.com.br\/index.php?rest_route=\/wp\/v2\/media\/22810"}],"wp:attachment":[{"href":"https:\/\/www.fumssar.com.br\/index.php?rest_route=%2Fwp%2Fv2%2Fmedia&parent=22807"}],"wp:term":[{"taxonomy":"category","embeddable":true,"href":"https:\/\/www.fumssar.com.br\/index.php?rest_route=%2Fwp%2Fv2%2Fcategories&post=22807"},{"taxonomy":"post_tag","embeddable":true,"href":"https:\/\/www.fumssar.com.br\/index.php?rest_route=%2Fwp%2Fv2%2Ftags&post=22807"}],"curies":[{"name":"wp","href":"https:\/\/api.w.org\/{rel}","templated":true}]}}