{"id":22782,"date":"2022-12-05T14:07:29","date_gmt":"2022-12-05T17:07:29","guid":{"rendered":"http:\/\/www.fumssar.com.br\/?p=22782"},"modified":"2024-10-07T16:32:49","modified_gmt":"2024-10-07T19:32:49","slug":"semana-inicia-com-vacinacao-contra-a-covid-19","status":"publish","type":"post","link":"https:\/\/www.fumssar.com.br\/?p=22782","title":{"rendered":"Semana inicia com vacina\u00e7\u00e3o contra a COVID-19"},"content":{"rendered":"\n<figure class=\"wp-block-image\"><img loading=\"lazy\" decoding=\"async\" width=\"860\" height=\"645\" src=\"http:\/\/www.fumssar.com.br\/wp-content\/uploads\/2022\/12\/Formato-Site-e-Portal-860X645-JPG-2022-12-05T140215.004.jpg\" alt=\"\" class=\"wp-image-22783\" srcset=\"https:\/\/www.fumssar.com.br\/wp-content\/uploads\/2022\/12\/Formato-Site-e-Portal-860X645-JPG-2022-12-05T140215.004.jpg 860w, https:\/\/www.fumssar.com.br\/wp-content\/uploads\/2022\/12\/Formato-Site-e-Portal-860X645-JPG-2022-12-05T140215.004-300x225.jpg 300w, https:\/\/www.fumssar.com.br\/wp-content\/uploads\/2022\/12\/Formato-Site-e-Portal-860X645-JPG-2022-12-05T140215.004-768x576.jpg 768w\" sizes=\"(max-width: 860px) 100vw, 860px\" \/><\/figure>\n\n\n\n<p> A Funda\u00e7\u00e3o Municipal de Sa\u00fade de Santa Rosa informa o cronograma desta semana, para a aplica\u00e7\u00e3o da vacina contra a COVID-19. A imuniza\u00e7\u00e3o vai acontecer nesta segunda-feira (05), das18h30min \u00e0s 21h30min, na quarta-feira (07), das 13h30min \u00e0s 17h e na pr\u00f3xima sexta-feira (09\/12), das 13h30min \u00e0s 17h, na Unidade B\u00e1sica de Sa\u00fade do Centro. O atendimento ocorre mediante a capacidade di\u00e1ria m\u00e1xima de aplica\u00e7\u00e3o.<\/p>\n\n\n\n<p>Est\u00e1 sendo disponibilizada tamb\u00e9m, a vacina\u00e7\u00e3o para os beb\u00eas a partir dos 06 meses de idade e crian\u00e7as de at\u00e9 2 anos que tenham doen\u00e7as pr\u00e9-existentes, as chamadas comorbidades. Para esta faixa et\u00e1ria, a aplica\u00e7\u00e3o vai ser realizada na sexta-feira (09), com o imunizante da Pfizer e seguir\u00e1 com um esquema de aplica\u00e7\u00e3o de tr\u00eas doses. As duas primeiras s\u00e3o aplicadas com um intervalo de 04 semanas e a terceira deve ser aplicada ap\u00f3s oito semanas da segunda dose. Entre as comorbidades inclu\u00eddas como priorit\u00e1rias para a vacina\u00e7\u00e3o contra a COVID-19, est\u00e3o: S\u00edndrome de Down; Diabetes mellitus; Pneumopatias cr\u00f4nicas graves; Anemia falciforme; Doen\u00e7as cardiovasculares; Obesidade grave; Doen\u00e7a renal; Cirrose hep\u00e1tica e Imunossuprimidos.<\/p>\n\n\n\n<p>Para os demais p\u00fablicos, v\u00e3o estar dispon\u00edveis todas as doses a partir dos 03 anos de idade. As crian\u00e7as e adolescentes que forem se vacinar, precisam ir acompanhadas dos pais ou respons\u00e1veis. Para se vacinar, \u00e9 preciso levar documento com foto, CPF e a caderneta de vacina\u00e7\u00e3o. A UBS do Centro fica localizada na Rua Buenos Aires, 40 \u2013 centro. Confira no site da FUMSSAR, as faixas et\u00e1rias e o intervalo entre as doses. <\/p>\n","protected":false},"excerpt":{"rendered":"<p>A Funda\u00e7\u00e3o Municipal de Sa\u00fade de Santa Rosa informa o cronograma desta semana, para a&#8230;<\/p>\n","protected":false},"author":36,"featured_media":22784,"comment_status":"closed","ping_status":"closed","sticky":false,"template":"","format":"standard","meta":{"footnotes":""},"categories":[152,2],"tags":[],"_links":{"self":[{"href":"https:\/\/www.fumssar.com.br\/index.php?rest_route=\/wp\/v2\/posts\/22782"}],"collection":[{"href":"https:\/\/www.fumssar.com.br\/index.php?rest_route=\/wp\/v2\/posts"}],"about":[{"href":"https:\/\/www.fumssar.com.br\/index.php?rest_route=\/wp\/v2\/types\/post"}],"author":[{"embeddable":true,"href":"https:\/\/www.fumssar.com.br\/index.php?rest_route=\/wp\/v2\/users\/36"}],"replies":[{"embeddable":true,"href":"https:\/\/www.fumssar.com.br\/index.php?rest_route=%2Fwp%2Fv2%2Fcomments&post=22782"}],"version-history":[{"count":1,"href":"https:\/\/www.fumssar.com.br\/index.php?rest_route=\/wp\/v2\/posts\/22782\/revisions"}],"predecessor-version":[{"id":22785,"href":"https:\/\/www.fumssar.com.br\/index.php?rest_route=\/wp\/v2\/posts\/22782\/revisions\/22785"}],"wp:featuredmedia":[{"embeddable":true,"href":"https:\/\/www.fumssar.com.br\/index.php?rest_route=\/wp\/v2\/media\/22784"}],"wp:attachment":[{"href":"https:\/\/www.fumssar.com.br\/index.php?rest_route=%2Fwp%2Fv2%2Fmedia&parent=22782"}],"wp:term":[{"taxonomy":"category","embeddable":true,"href":"https:\/\/www.fumssar.com.br\/index.php?rest_route=%2Fwp%2Fv2%2Fcategories&post=22782"},{"taxonomy":"post_tag","embeddable":true,"href":"https:\/\/www.fumssar.com.br\/index.php?rest_route=%2Fwp%2Fv2%2Ftags&post=22782"}],"curies":[{"name":"wp","href":"https:\/\/api.w.org\/{rel}","templated":true}]}}