{"id":22776,"date":"2022-12-02T13:28:14","date_gmt":"2022-12-02T16:28:14","guid":{"rendered":"http:\/\/www.fumssar.com.br\/?p=22776"},"modified":"2024-10-07T16:32:49","modified_gmt":"2024-10-07T19:32:49","slug":"informativo-8","status":"publish","type":"post","link":"https:\/\/www.fumssar.com.br\/?p=22776","title":{"rendered":"INFORMATIVO"},"content":{"rendered":"\n<figure class=\"wp-block-image\"><img loading=\"lazy\" decoding=\"async\" width=\"860\" height=\"645\" src=\"http:\/\/www.fumssar.com.br\/wp-content\/uploads\/2022\/12\/Formato-Site-e-Portal-860X645-JPG-2022-12-02T103500.303.jpg\" alt=\"\" class=\"wp-image-22777\" srcset=\"https:\/\/www.fumssar.com.br\/wp-content\/uploads\/2022\/12\/Formato-Site-e-Portal-860X645-JPG-2022-12-02T103500.303.jpg 860w, https:\/\/www.fumssar.com.br\/wp-content\/uploads\/2022\/12\/Formato-Site-e-Portal-860X645-JPG-2022-12-02T103500.303-300x225.jpg 300w, https:\/\/www.fumssar.com.br\/wp-content\/uploads\/2022\/12\/Formato-Site-e-Portal-860X645-JPG-2022-12-02T103500.303-768x576.jpg 768w\" sizes=\"(max-width: 860px) 100vw, 860px\" \/><\/figure>\n\n\n\n<p><strong>COVID-19: Nesta&nbsp;sexta-feira a vacina\u00e7\u00e3o ocorre at\u00e9 \u00e0s 15h30min<\/strong><\/p>\n\n\n\n<p>Nesta&nbsp;sexta-feira (02), acontece a imuniza\u00e7\u00e3o contra a COVID-19. O atendimento acontece das 13h30min at\u00e9 \u00e0s 15h30min, na Unidade B\u00e1sica de Sa\u00fade do Centro. V\u00e3o estar dispon\u00edveis todas as doses.<\/p>\n\n\n\n<p>As crian\u00e7as e adolescentes que forem se vacinar, precisam ir acompanhadas dos pais ou respons\u00e1veis. Para se vacinar, \u00e9 preciso levar documento com foto, CPF e a caderneta de vacina\u00e7\u00e3o. A UBS do Centro fica localizada na Rua Buenos Aires, 40 \u2013 centro. A vacina\u00e7\u00e3o est\u00e1 acontecendo todas as segundas, quartas e sextas-feiras, na UBS do Centro. Confira no site da FUMSSAR, os hor\u00e1rios de aplica\u00e7\u00e3o, as faixas et\u00e1rias e o intervalo entre as doses. Lembrando que a&nbsp;quarta&nbsp;dose (segunda&nbsp;dose de refor\u00e7o), est\u00e1 dispon\u00edvel apenas para as pessoas a partir dos 40 anos de idade.<\/p>\n\n\n\n<p><strong>DENGUE:<\/strong><\/p>\n\n\n\n<p>Seguem os trabalhos de preven\u00e7\u00e3o e combate \u00e0 dengue em Santa Rosa. Com a chegada da esta\u00e7\u00e3o mais quente do ano, \u00e9 necess\u00e1rio redobrar os cuidados para evitar a prolifera\u00e7\u00e3o do mosquito Aedes aegypti, transmissor das arboviroses: dengue, zika e chikungunya. As altas temperaturas, trazem as condi\u00e7\u00f5es ambientais favor\u00e1veis para o aumento da prolifera\u00e7\u00e3o de focos do mosquito, iniciando, consequentemente, um ciclo de transmiss\u00e3o dessas doen\u00e7as.&nbsp;<\/p>\n\n\n\n<p>Com o objetivo de reduzir os riscos de ocorr\u00eancia de casos e preparar as equipes que atuam no combate ao Aedes, a FUMSSAR j\u00e1 iniciou uma s\u00e9rie de estrat\u00e9gias no munic\u00edpio. As equipes de Vigil\u00e2ncia em Sa\u00fade t\u00eam intensificado o trabalho de conscientiza\u00e7\u00e3o com a popula\u00e7\u00e3o, informando os cuidados necess\u00e1rios para prevenir a doen\u00e7a, refor\u00e7ando a import\u00e2ncia de n\u00e3o deixar \u00e1gua parada e fazer uso do repelente.<\/p>\n","protected":false},"excerpt":{"rendered":"<p>COVID-19: Nesta&nbsp;sexta-feira a vacina\u00e7\u00e3o ocorre at\u00e9 \u00e0s 15h30min Nesta&nbsp;sexta-feira (02), acontece a imuniza\u00e7\u00e3o contra a&#8230;<\/p>\n","protected":false},"author":36,"featured_media":22778,"comment_status":"closed","ping_status":"closed","sticky":false,"template":"","format":"standard","meta":{"footnotes":""},"categories":[152,2],"tags":[],"_links":{"self":[{"href":"https:\/\/www.fumssar.com.br\/index.php?rest_route=\/wp\/v2\/posts\/22776"}],"collection":[{"href":"https:\/\/www.fumssar.com.br\/index.php?rest_route=\/wp\/v2\/posts"}],"about":[{"href":"https:\/\/www.fumssar.com.br\/index.php?rest_route=\/wp\/v2\/types\/post"}],"author":[{"embeddable":true,"href":"https:\/\/www.fumssar.com.br\/index.php?rest_route=\/wp\/v2\/users\/36"}],"replies":[{"embeddable":true,"href":"https:\/\/www.fumssar.com.br\/index.php?rest_route=%2Fwp%2Fv2%2Fcomments&post=22776"}],"version-history":[{"count":1,"href":"https:\/\/www.fumssar.com.br\/index.php?rest_route=\/wp\/v2\/posts\/22776\/revisions"}],"predecessor-version":[{"id":22779,"href":"https:\/\/www.fumssar.com.br\/index.php?rest_route=\/wp\/v2\/posts\/22776\/revisions\/22779"}],"wp:featuredmedia":[{"embeddable":true,"href":"https:\/\/www.fumssar.com.br\/index.php?rest_route=\/wp\/v2\/media\/22778"}],"wp:attachment":[{"href":"https:\/\/www.fumssar.com.br\/index.php?rest_route=%2Fwp%2Fv2%2Fmedia&parent=22776"}],"wp:term":[{"taxonomy":"category","embeddable":true,"href":"https:\/\/www.fumssar.com.br\/index.php?rest_route=%2Fwp%2Fv2%2Fcategories&post=22776"},{"taxonomy":"post_tag","embeddable":true,"href":"https:\/\/www.fumssar.com.br\/index.php?rest_route=%2Fwp%2Fv2%2Ftags&post=22776"}],"curies":[{"name":"wp","href":"https:\/\/api.w.org\/{rel}","templated":true}]}}