{"id":22769,"date":"2022-12-01T10:26:47","date_gmt":"2022-12-01T13:26:47","guid":{"rendered":"http:\/\/www.fumssar.com.br\/?p=22769"},"modified":"2024-10-07T16:32:49","modified_gmt":"2024-10-07T19:32:49","slug":"fumssar-tem-gerencia-da-rede-de-atencao-psicossocial","status":"publish","type":"post","link":"https:\/\/www.fumssar.com.br\/?p=22769","title":{"rendered":"FUMSSAR tem Ger\u00eancia da Rede de Aten\u00e7\u00e3o Psicossocial"},"content":{"rendered":"\n<figure class=\"wp-block-image\"><img loading=\"lazy\" decoding=\"async\" width=\"860\" height=\"645\" src=\"http:\/\/www.fumssar.com.br\/wp-content\/uploads\/2022\/12\/Formato-Site-e-Portal-860X645-JPG-2022-12-01T101927.015.jpg\" alt=\"\" class=\"wp-image-22770\" srcset=\"https:\/\/www.fumssar.com.br\/wp-content\/uploads\/2022\/12\/Formato-Site-e-Portal-860X645-JPG-2022-12-01T101927.015.jpg 860w, https:\/\/www.fumssar.com.br\/wp-content\/uploads\/2022\/12\/Formato-Site-e-Portal-860X645-JPG-2022-12-01T101927.015-300x225.jpg 300w, https:\/\/www.fumssar.com.br\/wp-content\/uploads\/2022\/12\/Formato-Site-e-Portal-860X645-JPG-2022-12-01T101927.015-768x576.jpg 768w\" sizes=\"(max-width: 860px) 100vw, 860px\" \/><\/figure>\n\n\n\n<p>O Prefeito Anderson Mantei sancionou a Lei Complementar n\u00ba 177 que criou o cargo de Gerente da Rede de Aten\u00e7\u00e3o Psicossocial na Funda\u00e7\u00e3o Municipal de Sa\u00fade de Santa Rosa. Nesta quarta-feira (30), foi nomeada para ocupar a fun\u00e7\u00e3o, a servidora e psic\u00f3loga Fl\u00e1via Albuquerque. A ger\u00eancia surgiu para estruturar melhor o servi\u00e7o de sa\u00fade mental do munic\u00edpio e trabalhar em rede, incluindo: sa\u00fade, educa\u00e7\u00e3o e assist\u00eancia social. O cuidado com a sa\u00fade mental \u00e9 uma das \u00e1reas da sa\u00fade p\u00fablica que mais tem crescido a demanda de atendimentos nos \u00faltimos anos e a tend\u00eancia, conforme estudos, \u00e9 que siga aumentando cada vez mais.<\/p>\n\n\n\n<p>A&nbsp;Rede de Aten\u00e7\u00e3o Psicossocial \u2013 RAPS de Santa Rosa conta hoje com os seguintes servi\u00e7os: leitos psiqui\u00e1tricos adulto e infanto-juvenil, comunidades terap\u00eauticas, residencial terap\u00eautico, CAPS AD, CAPS II, UPA, SAMU e UBS (porta de entrada para o atendimento em sa\u00fade mental). O Presidente da FUMSSAR, D\u00e9lcio Stefan destaca que o maior objetivo \u00e9 implementar a\u00e7\u00f5es de promo\u00e7\u00e3o da sa\u00fade mental e preven\u00e7\u00e3o de transtornos mentais, \u201c\u00c9 necess\u00e1rio compreender que esta \u00e9 uma \u00e1rea que est\u00e1 relacionada \u00e0 qualidade de vida e sa\u00fade emocional, ent\u00e3o exige um trabalho multiprofissional integrado. Sendo assim, a ger\u00eancia vai nos auxiliar a pensar a sa\u00fade mental como uma pol\u00edtica do munic\u00edpio, que n\u00e3o \u00e9 feita s\u00f3 por um servi\u00e7o, mas sim em rede, realizando um trabalho em conjunto e promovendo o cuidado integral da popula\u00e7\u00e3o\u201d.<\/p>\n\n\n\n<p>No Brasil, cerca de 50 milh\u00f5es de pessoas sofrem algum tipo de doen\u00e7a mental, segundo dados da Associa\u00e7\u00e3o Brasileira de Psiquiatria. Os diagn\u00f3sticos s\u00e3o variados: depress\u00e3o, transtornos de humor, d\u00e9ficit de aten\u00e7\u00e3o, ansiedade, entre outros. S\u00e3o doen\u00e7as que podem afetar todas as faixas et\u00e1rias, de crian\u00e7as a idosos. A Psic\u00f3loga e agora Gerente da Rede de Aten\u00e7\u00e3o Psicossocial, Fl\u00e1via Albuquerque, ressalta que as pessoas devem estar atentas \u00e0s mudan\u00e7as de comportamento, \u201cToda mudan\u00e7a de comportamento repentina deve gerar um ponto de aten\u00e7\u00e3o. Temos visto, um aumento muito grande, principalmente agora neste per\u00edodo p\u00f3s-pandemia, de pessoas que t\u00eam procurado o atendimento de sa\u00fade mental. Por isso, sempre \u00e9 importante lembrar a popula\u00e7\u00e3o para que mantenham h\u00e1bitos saud\u00e1veis, realizem atividades de lazer e pratiquem esportes, a\u00e7\u00f5es que auxiliam na preven\u00e7\u00e3o das doen\u00e7as e melhoram a qualidade de vida\u201d. A ger\u00eancia tamb\u00e9m vai atuar para ampliar o cuidado em sa\u00fade mental em Santa Rosa, com foco no usu\u00e1rio, mas tamb\u00e9m nos seus familiares e na rede de apoio como um todo.<\/p>\n","protected":false},"excerpt":{"rendered":"<p>O Prefeito Anderson Mantei sancionou a Lei Complementar n\u00ba 177 que criou o cargo de&#8230;<\/p>\n","protected":false},"author":36,"featured_media":22771,"comment_status":"closed","ping_status":"closed","sticky":false,"template":"","format":"standard","meta":{"footnotes":""},"categories":[2],"tags":[],"_links":{"self":[{"href":"https:\/\/www.fumssar.com.br\/index.php?rest_route=\/wp\/v2\/posts\/22769"}],"collection":[{"href":"https:\/\/www.fumssar.com.br\/index.php?rest_route=\/wp\/v2\/posts"}],"about":[{"href":"https:\/\/www.fumssar.com.br\/index.php?rest_route=\/wp\/v2\/types\/post"}],"author":[{"embeddable":true,"href":"https:\/\/www.fumssar.com.br\/index.php?rest_route=\/wp\/v2\/users\/36"}],"replies":[{"embeddable":true,"href":"https:\/\/www.fumssar.com.br\/index.php?rest_route=%2Fwp%2Fv2%2Fcomments&post=22769"}],"version-history":[{"count":1,"href":"https:\/\/www.fumssar.com.br\/index.php?rest_route=\/wp\/v2\/posts\/22769\/revisions"}],"predecessor-version":[{"id":22772,"href":"https:\/\/www.fumssar.com.br\/index.php?rest_route=\/wp\/v2\/posts\/22769\/revisions\/22772"}],"wp:featuredmedia":[{"embeddable":true,"href":"https:\/\/www.fumssar.com.br\/index.php?rest_route=\/wp\/v2\/media\/22771"}],"wp:attachment":[{"href":"https:\/\/www.fumssar.com.br\/index.php?rest_route=%2Fwp%2Fv2%2Fmedia&parent=22769"}],"wp:term":[{"taxonomy":"category","embeddable":true,"href":"https:\/\/www.fumssar.com.br\/index.php?rest_route=%2Fwp%2Fv2%2Fcategories&post=22769"},{"taxonomy":"post_tag","embeddable":true,"href":"https:\/\/www.fumssar.com.br\/index.php?rest_route=%2Fwp%2Fv2%2Ftags&post=22769"}],"curies":[{"name":"wp","href":"https:\/\/api.w.org\/{rel}","templated":true}]}}