{"id":22763,"date":"2022-11-29T15:55:49","date_gmt":"2022-11-29T18:55:49","guid":{"rendered":"http:\/\/www.fumssar.com.br\/?p=22763"},"modified":"2024-10-07T16:32:50","modified_gmt":"2024-10-07T19:32:50","slug":"domingo-no-parque","status":"publish","type":"post","link":"https:\/\/www.fumssar.com.br\/?p=22763","title":{"rendered":"Domingo no Parque"},"content":{"rendered":"\n<figure class=\"wp-block-image\"><img loading=\"lazy\" decoding=\"async\" width=\"1024\" height=\"1024\" src=\"https:\/\/www.fumssar.com.br\/wp-content\/uploads\/2022\/11\/WhatsApp-Image-2022-11-29-at-15.51.18-1024x1024.jpeg\" alt=\"\" class=\"wp-image-22764\" srcset=\"https:\/\/www.fumssar.com.br\/wp-content\/uploads\/2022\/11\/WhatsApp-Image-2022-11-29-at-15.51.18-1024x1024.jpeg 1024w, https:\/\/www.fumssar.com.br\/wp-content\/uploads\/2022\/11\/WhatsApp-Image-2022-11-29-at-15.51.18-150x150.jpeg 150w, https:\/\/www.fumssar.com.br\/wp-content\/uploads\/2022\/11\/WhatsApp-Image-2022-11-29-at-15.51.18-300x300.jpeg 300w, https:\/\/www.fumssar.com.br\/wp-content\/uploads\/2022\/11\/WhatsApp-Image-2022-11-29-at-15.51.18-768x768.jpeg 768w, https:\/\/www.fumssar.com.br\/wp-content\/uploads\/2022\/11\/WhatsApp-Image-2022-11-29-at-15.51.18.jpeg 1080w\" sizes=\"(max-width: 1024px) 100vw, 1024px\" \/><\/figure>\n\n\n\n<p>A Prefeitura de Santa Rosa por meio das Secretarias de Educa\u00e7\u00e3o e Comunica\u00e7\u00e3o est\u00e1 organizando uma programa\u00e7\u00e3o especial para toda a comunidade santa-rosense. O evento intitulado: Domingo no Parque Santa Rosa \u2013 91 anos vai ser realizado em comemora\u00e7\u00e3o aos 91 anos do munic\u00edpio. A a\u00e7\u00e3o havia sido programada para acontecer em agosto, por\u00e9m devido \u00e0 chuva, n\u00e3o foi poss\u00edvel promover a celebra\u00e7\u00e3o. As atra\u00e7\u00f5es v\u00e3o ocorrer no pr\u00f3ximo domingo (04), no Parque de Exposi\u00e7\u00f5es Alfredo Leandro Carlson, a partir das 14 horas. O objetivo \u00e9 proporcionar uma tarde comemorativa para todas as fam\u00edlias de Santa Rosa.<\/p>\n\n\n\n<p>O Governo Municipal convida a todos para participarem da festividade. V\u00e3o acontecer apresenta\u00e7\u00f5es musicais e art\u00edsticas, al\u00e9m de diversas atividades de lazer e recrea\u00e7\u00e3o, como: brinquedos para as crian\u00e7as, circuito de bicicletas, venda de lanches, entre outros. Al\u00e9m disso, o evento vai contar com um chimarr\u00f3dromo, com distribui\u00e7\u00e3o gratuita de erva-mate. A programa\u00e7\u00e3o completa pode ser conferida nas p\u00e1ginas oficiais da Prefeitura de Santa Rosa. Participe!<\/p>\n\n\n\n<p>Confira abaixo as atividades e os parceiros da prefeitura na realiza\u00e7\u00e3o do evento Domingo no Parque Santa Rosa \u2013 91 anos:<\/p>\n\n\n\n<p>Sindilojas: Chimarr\u00f3dromo e ervateira Terra Nativa na Pra\u00e7a de Alimenta\u00e7\u00e3o<br>\nSenac: Cortes de cabelo feminino e masculino, pintura de rosto<br>\nSesi Show: Apresenta\u00e7\u00e3o das 16h30min \u00e0s 17h30min<br>\nSesc: Divulga\u00e7\u00e3o de servi\u00e7os e barraca infl\u00e1vel <br>\nAcisap: Biblioteca de Rua no Parque<br>\nEconomia Solid\u00e1ria: Venda de lanches e doces: Krep\u2019s, espetinho de morango, cachorro-quente, pastel, algod\u00e3o doce, batatinha, \u00e1gua e refrigerante<br>\nFenasoja: Sonoriza\u00e7\u00e3o do evento <br>\nC\u00e2mara de Vereadores: 24 brinquedos para todas as idades, uma quadra inteira de divers\u00e3o para toda a fam\u00edlia<br>\nHortigranjeiros: Exposi\u00e7\u00e3o dos cubos com fotografias do munic\u00edpio (Papo 90)<br>\nFocinho Amigo e Amigan: PETS para ado\u00e7\u00e3o e produtos da ONG para venda, com parceria da FASA &#8211; Faculdade Santo \u00c2ngelo<br>\nCEU das Artes: Apresenta\u00e7\u00e3o de Karat\u00ea e intera\u00e7\u00e3o com a comunidade<br>\nFUMSSAR: Ca\u00e7a ao mosquito da Dengue com a mascote do mosquito; Campanhas de conscientiza\u00e7\u00e3o e preven\u00e7\u00e3o e a mascote do Z\u00e9 Gotinha<br>\n19\u00ba RCMEC: Pista de cordas para as crian\u00e7as<br>\nBrigada Militar: Realiza\u00e7\u00e3o da seguran\u00e7a no evento<br>\nSanta Rosa Futsal: Atividade de Chute ao Gol<br>\nGago Bikes: Passeio gratuito \u2013 bike com dois lugares, trenzinho e triciclo<br>\nCOMJUVE: Festa das Cores<br>\nSecretaria de Meio Ambiente: Doa\u00e7\u00e3o de mudas; Campanha de Conscientiza\u00e7\u00e3o<br>\nSecretaria de Educa\u00e7\u00e3o: Feira do Conhecimento e Brincando no Parque<\/p>\n","protected":false},"excerpt":{"rendered":"<p>A Prefeitura de Santa Rosa por meio das Secretarias de Educa\u00e7\u00e3o e Comunica\u00e7\u00e3o est\u00e1 organizando&#8230;<\/p>\n","protected":false},"author":36,"featured_media":22764,"comment_status":"closed","ping_status":"closed","sticky":false,"template":"","format":"standard","meta":{"footnotes":""},"categories":[2],"tags":[],"_links":{"self":[{"href":"https:\/\/www.fumssar.com.br\/index.php?rest_route=\/wp\/v2\/posts\/22763"}],"collection":[{"href":"https:\/\/www.fumssar.com.br\/index.php?rest_route=\/wp\/v2\/posts"}],"about":[{"href":"https:\/\/www.fumssar.com.br\/index.php?rest_route=\/wp\/v2\/types\/post"}],"author":[{"embeddable":true,"href":"https:\/\/www.fumssar.com.br\/index.php?rest_route=\/wp\/v2\/users\/36"}],"replies":[{"embeddable":true,"href":"https:\/\/www.fumssar.com.br\/index.php?rest_route=%2Fwp%2Fv2%2Fcomments&post=22763"}],"version-history":[{"count":1,"href":"https:\/\/www.fumssar.com.br\/index.php?rest_route=\/wp\/v2\/posts\/22763\/revisions"}],"predecessor-version":[{"id":22765,"href":"https:\/\/www.fumssar.com.br\/index.php?rest_route=\/wp\/v2\/posts\/22763\/revisions\/22765"}],"wp:featuredmedia":[{"embeddable":true,"href":"https:\/\/www.fumssar.com.br\/index.php?rest_route=\/wp\/v2\/media\/22764"}],"wp:attachment":[{"href":"https:\/\/www.fumssar.com.br\/index.php?rest_route=%2Fwp%2Fv2%2Fmedia&parent=22763"}],"wp:term":[{"taxonomy":"category","embeddable":true,"href":"https:\/\/www.fumssar.com.br\/index.php?rest_route=%2Fwp%2Fv2%2Fcategories&post=22763"},{"taxonomy":"post_tag","embeddable":true,"href":"https:\/\/www.fumssar.com.br\/index.php?rest_route=%2Fwp%2Fv2%2Ftags&post=22763"}],"curies":[{"name":"wp","href":"https:\/\/api.w.org\/{rel}","templated":true}]}}