{"id":22739,"date":"2022-11-28T10:09:37","date_gmt":"2022-11-28T13:09:37","guid":{"rendered":"http:\/\/www.fumssar.com.br\/?p=22739"},"modified":"2024-10-07T16:32:50","modified_gmt":"2024-10-07T19:32:50","slug":"confira-os-horarios-da-vacinacao-contra-a-covid-19-para-esta-semana","status":"publish","type":"post","link":"https:\/\/www.fumssar.com.br\/?p=22739","title":{"rendered":"Confira os hor\u00e1rios da vacina\u00e7\u00e3o contra a COVID-19 para esta semana"},"content":{"rendered":"\n<figure class=\"wp-block-image\"><img loading=\"lazy\" decoding=\"async\" width=\"1024\" height=\"1024\" src=\"http:\/\/www.fumssar.com.br\/wp-content\/uploads\/2022\/11\/Vacina\u00e7\u00e3o-COVID-1024x1024.png\" alt=\"\" class=\"wp-image-22740\" srcset=\"https:\/\/www.fumssar.com.br\/wp-content\/uploads\/2022\/11\/Vacina\u00e7\u00e3o-COVID-1024x1024.png 1024w, https:\/\/www.fumssar.com.br\/wp-content\/uploads\/2022\/11\/Vacina\u00e7\u00e3o-COVID-150x150.png 150w, https:\/\/www.fumssar.com.br\/wp-content\/uploads\/2022\/11\/Vacina\u00e7\u00e3o-COVID-300x300.png 300w, https:\/\/www.fumssar.com.br\/wp-content\/uploads\/2022\/11\/Vacina\u00e7\u00e3o-COVID-768x768.png 768w, https:\/\/www.fumssar.com.br\/wp-content\/uploads\/2022\/11\/Vacina\u00e7\u00e3o-COVID.png 1080w\" sizes=\"(max-width: 1024px) 100vw, 1024px\" \/><\/figure>\n\n\n\n<p>A Funda\u00e7\u00e3o Municipal de Sa\u00fade de Santa Rosa informa a popula\u00e7\u00e3o as datas e hor\u00e1rios dispon\u00edveis para a aplica\u00e7\u00e3o da vacina contra a COVID-19. A imuniza\u00e7\u00e3o vai acontecer nesta segunda-feira (28), das18h30min \u00e0s 21h30min, na quarta-feira (30), das 13h30min \u00e0s 17h e na pr\u00f3xima sexta-feira (02\/12), das 13h30min \u00e0s 17h, na Unidade B\u00e1sica de Sa\u00fade do Centro.<\/p>\n\n\n\n<p>Nesta semana inicia tamb\u00e9m, a vacina\u00e7\u00e3o para os beb\u00eas a partir dos 06 meses de idade e crian\u00e7as de at\u00e9 2 anos que tenham doen\u00e7as pr\u00e9-existentes, as chamadas comorbidades. Para esta faixa et\u00e1ria, a aplica\u00e7\u00e3o ser\u00e1 realizada com o imunizante da Pfizer e seguir\u00e1 com um esquema de aplica\u00e7\u00e3o de tr\u00eas doses. As duas primeiras s\u00e3o aplicadas com um intervalo de 04 semanas e a terceira deve ser aplicada ap\u00f3s oito semanas da segunda dose. Entre as comorbidades inclu\u00eddas como priorit\u00e1rias para a vacina\u00e7\u00e3o contra a COVID-19, est\u00e3o: S\u00edndrome de Down; Diabetes mellitus; Pneumopatias cr\u00f4nicas graves; Anemia falciforme; Doen\u00e7as cardiovasculares; Obesidade grave; Doen\u00e7a renal; Cirrose hep\u00e1tica e Imunossuprimidos.<\/p>\n\n\n\n<p>Para os demais p\u00fablicos, v\u00e3o estar dispon\u00edveis todas as doses a partir dos 03 anos de idade. As crian\u00e7as e adolescentes que forem se vacinar, precisam ir acompanhadas dos pais ou respons\u00e1veis. Para se vacinar, \u00e9 preciso levar documento com foto, CPF e a caderneta de vacina\u00e7\u00e3o. A UBS do Centro fica localizada na Rua Buenos Aires, 40 \u2013 centro. Confira no site da FUMSSAR, as faixas et\u00e1rias e o intervalo entre as doses.<\/p>\n","protected":false},"excerpt":{"rendered":"<p>A Funda\u00e7\u00e3o Municipal de Sa\u00fade de Santa Rosa informa a popula\u00e7\u00e3o as datas e hor\u00e1rios&#8230;<\/p>\n","protected":false},"author":36,"featured_media":22740,"comment_status":"closed","ping_status":"closed","sticky":false,"template":"","format":"standard","meta":{"footnotes":""},"categories":[152,2],"tags":[],"_links":{"self":[{"href":"https:\/\/www.fumssar.com.br\/index.php?rest_route=\/wp\/v2\/posts\/22739"}],"collection":[{"href":"https:\/\/www.fumssar.com.br\/index.php?rest_route=\/wp\/v2\/posts"}],"about":[{"href":"https:\/\/www.fumssar.com.br\/index.php?rest_route=\/wp\/v2\/types\/post"}],"author":[{"embeddable":true,"href":"https:\/\/www.fumssar.com.br\/index.php?rest_route=\/wp\/v2\/users\/36"}],"replies":[{"embeddable":true,"href":"https:\/\/www.fumssar.com.br\/index.php?rest_route=%2Fwp%2Fv2%2Fcomments&post=22739"}],"version-history":[{"count":1,"href":"https:\/\/www.fumssar.com.br\/index.php?rest_route=\/wp\/v2\/posts\/22739\/revisions"}],"predecessor-version":[{"id":22741,"href":"https:\/\/www.fumssar.com.br\/index.php?rest_route=\/wp\/v2\/posts\/22739\/revisions\/22741"}],"wp:featuredmedia":[{"embeddable":true,"href":"https:\/\/www.fumssar.com.br\/index.php?rest_route=\/wp\/v2\/media\/22740"}],"wp:attachment":[{"href":"https:\/\/www.fumssar.com.br\/index.php?rest_route=%2Fwp%2Fv2%2Fmedia&parent=22739"}],"wp:term":[{"taxonomy":"category","embeddable":true,"href":"https:\/\/www.fumssar.com.br\/index.php?rest_route=%2Fwp%2Fv2%2Fcategories&post=22739"},{"taxonomy":"post_tag","embeddable":true,"href":"https:\/\/www.fumssar.com.br\/index.php?rest_route=%2Fwp%2Fv2%2Ftags&post=22739"}],"curies":[{"name":"wp","href":"https:\/\/api.w.org\/{rel}","templated":true}]}}