{"id":22726,"date":"2022-11-25T07:54:52","date_gmt":"2022-11-25T10:54:52","guid":{"rendered":"http:\/\/www.fumssar.com.br\/?p=22726"},"modified":"2022-11-25T07:54:54","modified_gmt":"2022-11-25T10:54:54","slug":"chamamento-publico-07-2022","status":"publish","type":"post","link":"https:\/\/www.fumssar.com.br\/?p=22726","title":{"rendered":"Chamamento P\u00fablico 07\/2022"},"content":{"rendered":"\n<p>A Funda\u00e7\u00e3o Municipal de Sa\u00fade de Santa Rosa &#8211; FUMSSAR comunica os interessados que est\u00e1 procedendo ao CREDENCIAMENTO de pessoas jur\u00eddicas para <a><strong>PRESTA\u00c7\u00c3O<\/strong><\/a><strong> DE SERVI\u00c7OS DE SA\u00daDE NA \u00c1REA DE M\u00c9DICO NEUROLOGISTA, M\u00c9DICO NEUROPEDIATRA, M\u00c9DICO PSIQUIATRA, M\u00c9DICO PSIQUIATRA INFANTIL, <\/strong>para atendimentos junto aos servi\u00e7os da FUMSSAR.<\/p>\n\n\n\n<p>PER\u00cdODO DE CREDENCIAMENTO: O per\u00edodo para credenciamento das empresas que preencherem as condi\u00e7\u00f5es previstas nesse edital, ser\u00e1 de 15 dias \u00fateis a partir da publica\u00e7\u00e3o deste (25\/11\/2022 a 15\/12\/2022), podendo ser prorrogado, a crit\u00e9rio da Administra\u00e7\u00e3o.<\/p>\n\n\n\n<p>LOCAL DO CREDENCIAMENTO: As pessoas jur\u00eddicas interessadas em prestar os servi\u00e7os \u00e0 FUMSSAR dever\u00e3o entregar os documentos indicados no item 3 desse Edital no Setor de Protocolo, situado na Rua Dr. Francisco Timm, n\u00ba 480, Centro, no hor\u00e1rio <a>das 7h30min \u00e0s 11h30min e das 13h30min \u00e0s 17h30min<\/a>.<\/p>\n\n\n\n<div class=\"wp-block-file\"><a href=\"http:\/\/www.fumssar.com.br\/wp-content\/uploads\/2022\/11\/07-2022-EDITAL-M\u00c9DICO-NEUROLOGISTA_NEUROPEDIATRA_PSIQUIATRA_PSIQUIATRA-PEDIATRICO.docx\">07-2022-EDITAL-M\u00c9DICO-NEUROLOGISTA_NEUROPEDIATRA_PSIQUIATRA_PSIQUIATRA-PEDIATRICO<\/a><a href=\"http:\/\/www.fumssar.com.br\/wp-content\/uploads\/2022\/11\/07-2022-EDITAL-M\u00c9DICO-NEUROLOGISTA_NEUROPEDIATRA_PSIQUIATRA_PSIQUIATRA-PEDIATRICO.docx\" class=\"wp-block-file__button\" download>Baixar<\/a><\/div>\n","protected":false},"excerpt":{"rendered":"<p>A Funda\u00e7\u00e3o Municipal de Sa\u00fade de Santa Rosa &#8211; FUMSSAR comunica os interessados que est\u00e1&#8230;<\/p>\n","protected":false},"author":39,"featured_media":0,"comment_status":"open","ping_status":"open","sticky":false,"template":"","format":"standard","meta":{"footnotes":""},"categories":[192],"tags":[],"_links":{"self":[{"href":"https:\/\/www.fumssar.com.br\/index.php?rest_route=\/wp\/v2\/posts\/22726"}],"collection":[{"href":"https:\/\/www.fumssar.com.br\/index.php?rest_route=\/wp\/v2\/posts"}],"about":[{"href":"https:\/\/www.fumssar.com.br\/index.php?rest_route=\/wp\/v2\/types\/post"}],"author":[{"embeddable":true,"href":"https:\/\/www.fumssar.com.br\/index.php?rest_route=\/wp\/v2\/users\/39"}],"replies":[{"embeddable":true,"href":"https:\/\/www.fumssar.com.br\/index.php?rest_route=%2Fwp%2Fv2%2Fcomments&post=22726"}],"version-history":[{"count":1,"href":"https:\/\/www.fumssar.com.br\/index.php?rest_route=\/wp\/v2\/posts\/22726\/revisions"}],"predecessor-version":[{"id":22728,"href":"https:\/\/www.fumssar.com.br\/index.php?rest_route=\/wp\/v2\/posts\/22726\/revisions\/22728"}],"wp:attachment":[{"href":"https:\/\/www.fumssar.com.br\/index.php?rest_route=%2Fwp%2Fv2%2Fmedia&parent=22726"}],"wp:term":[{"taxonomy":"category","embeddable":true,"href":"https:\/\/www.fumssar.com.br\/index.php?rest_route=%2Fwp%2Fv2%2Fcategories&post=22726"},{"taxonomy":"post_tag","embeddable":true,"href":"https:\/\/www.fumssar.com.br\/index.php?rest_route=%2Fwp%2Fv2%2Ftags&post=22726"}],"curies":[{"name":"wp","href":"https:\/\/api.w.org\/{rel}","templated":true}]}}