{"id":22722,"date":"2022-11-24T16:07:00","date_gmt":"2022-11-24T19:07:00","guid":{"rendered":"http:\/\/www.fumssar.com.br\/?p=22722"},"modified":"2024-10-07T16:32:50","modified_gmt":"2024-10-07T19:32:50","slug":"centro-macrorregional-de-autismo-de-santa-rosa-ja-capacitou-mais-de-10-500-pessoas","status":"publish","type":"post","link":"https:\/\/www.fumssar.com.br\/?p=22722","title":{"rendered":"Centro Macrorregional de Autismo de Santa Rosa j\u00e1 capacitou mais de 10.500 pessoas"},"content":{"rendered":"\n<figure class=\"wp-block-image\"><img loading=\"lazy\" decoding=\"async\" width=\"860\" height=\"645\" src=\"http:\/\/www.fumssar.com.br\/wp-content\/uploads\/2022\/11\/Formato-Site-e-Portal-860X645-JPG-94.jpg\" alt=\"\" class=\"wp-image-22723\" srcset=\"https:\/\/www.fumssar.com.br\/wp-content\/uploads\/2022\/11\/Formato-Site-e-Portal-860X645-JPG-94.jpg 860w, https:\/\/www.fumssar.com.br\/wp-content\/uploads\/2022\/11\/Formato-Site-e-Portal-860X645-JPG-94-300x225.jpg 300w, https:\/\/www.fumssar.com.br\/wp-content\/uploads\/2022\/11\/Formato-Site-e-Portal-860X645-JPG-94-768x576.jpg 768w\" sizes=\"(max-width: 860px) 100vw, 860px\" \/><\/figure>\n\n\n\n<p>O autismo \u00e9 um transtorno do neurodesenvolvimento que tem sido cada vez mais frequente na popula\u00e7\u00e3o. Promover novas iniciativas e fortalecer a rede de atendimento ao autista, foi uma das metas estabelecidas pelo Governo Municipal. Em setembro de 2021, o munic\u00edpio foi contemplado com o Centro Macrorregional de Refer\u00eancia em Transtorno do Espectro do Autismo &#8211; CMR TEAcolhe Santa Rosa.&nbsp;A Prefeitura, atrav\u00e9s da Funda\u00e7\u00e3o Municipal de Sa\u00fade teve a aprova\u00e7\u00e3o no processo de sele\u00e7\u00e3o do Programa Estadual TEAcolhe e a partir da\u00ed, se tornou refer\u00eancia para os 79 munic\u00edpios da Macrorregi\u00e3o de Sa\u00fade Missioneira. De janeiro a novembro deste ano, mais de 10.500 pessoas j\u00e1 foram capacitadas pelo servi\u00e7o, no tema do Transtorno do Espectro Autista \u2013 TEA.<\/p>\n\n\n\n<p>O CMR TEAcolhe Santa Rosa, conta com uma equipe multiprofissional e tem como objetivo oferecer retaguarda assistencial e suporte t\u00e9cnico-pedag\u00f3gico \u00e0s equipes de sa\u00fade, educa\u00e7\u00e3o e assist\u00eancia social dos munic\u00edpios que fazem parte da macrorregi\u00e3o. H\u00e1 mais de um ano, o servi\u00e7o vem sendo desenvolvido atrav\u00e9s de levantamentos das necessidades locais, regionais e macrorregionais das pessoas com autismo e suas fam\u00edlias. A Psic\u00f3loga e Coordenadora do CMR TEAcolhe Santa Rosa, Fl\u00e1via Albuquerque, destaca que o objetivo \u00e9 mapear as demandas e estruturar o trabalho, \u201cNeste ano, j\u00e1 conseguimos realizar diversos encontros e treinamentos de qualifica\u00e7\u00e3o para os profissionais em TEA. Foram promovidas a\u00e7\u00f5es de matriciamento, treinamentos e trabalhos espec\u00edficos como a aplica\u00e7\u00e3o de protocolos para psic\u00f3logas e fonoaudi\u00f3logas e capacita\u00e7\u00f5es sobre linguagem e o comportamento infantil. Estamos muito contentes, pois vemos o progresso no desenvolvimento dos pacientes e das equipes que atuam nessa \u00e1rea\u201d.<\/p>\n\n\n\n<p>O Centro Macrorregional tamb\u00e9m \u00e9 o respons\u00e1vel pela confec\u00e7\u00e3o das Carteiras de Identifica\u00e7\u00e3o de Pessoas com o Transtorno do Espectro Autista (Ciptea). At\u00e9 o momento, j\u00e1 foram confeccionadas e entregues, 158 Ciptea\u2019s em Santa Rosa. Destas 158 pessoas com autismo que j\u00e1 possuem a carteira de identifica\u00e7\u00e3o, 94&nbsp;est\u00e3o em acompanhamento em um dos tr\u00eas pontos de refer\u00eancia em reabilita\u00e7\u00e3o intelectual do munic\u00edpio, que s\u00e3o: o CER II, a APAE e o CRR Apada. Tamb\u00e9m fazem parte da rede de atendimento, os servi\u00e7os da educa\u00e7\u00e3o como: CAEE e AEE e os grupos e OSC\u2019s do Desenvolvimento Social. Ao todo, na Macrorregi\u00e3o Missioneira s\u00e3o 910 autistas, segundo dados levantados pelos servi\u00e7os SUS e pelas escolas p\u00fablicas. A partir do levantamento das necessidades, no \u00e2mbito da sa\u00fade, educa\u00e7\u00e3o e assist\u00eancia social, o CMR TEAcolhe Santa Rosa pretende continuar fortalecendo as redes locais existentes e construindo no munic\u00edpio, um cuidado inclusivo aos autistas e seus familiares, al\u00e9m de promover a qualifica\u00e7\u00e3o t\u00e9cnica cont\u00ednua para os profissionais que atuam no TEA.<\/p>\n","protected":false},"excerpt":{"rendered":"<p>O autismo \u00e9 um transtorno do neurodesenvolvimento que tem sido cada vez mais frequente na&#8230;<\/p>\n","protected":false},"author":36,"featured_media":22724,"comment_status":"closed","ping_status":"closed","sticky":false,"template":"","format":"standard","meta":{"footnotes":""},"categories":[2],"tags":[],"_links":{"self":[{"href":"https:\/\/www.fumssar.com.br\/index.php?rest_route=\/wp\/v2\/posts\/22722"}],"collection":[{"href":"https:\/\/www.fumssar.com.br\/index.php?rest_route=\/wp\/v2\/posts"}],"about":[{"href":"https:\/\/www.fumssar.com.br\/index.php?rest_route=\/wp\/v2\/types\/post"}],"author":[{"embeddable":true,"href":"https:\/\/www.fumssar.com.br\/index.php?rest_route=\/wp\/v2\/users\/36"}],"replies":[{"embeddable":true,"href":"https:\/\/www.fumssar.com.br\/index.php?rest_route=%2Fwp%2Fv2%2Fcomments&post=22722"}],"version-history":[{"count":1,"href":"https:\/\/www.fumssar.com.br\/index.php?rest_route=\/wp\/v2\/posts\/22722\/revisions"}],"predecessor-version":[{"id":22725,"href":"https:\/\/www.fumssar.com.br\/index.php?rest_route=\/wp\/v2\/posts\/22722\/revisions\/22725"}],"wp:featuredmedia":[{"embeddable":true,"href":"https:\/\/www.fumssar.com.br\/index.php?rest_route=\/wp\/v2\/media\/22724"}],"wp:attachment":[{"href":"https:\/\/www.fumssar.com.br\/index.php?rest_route=%2Fwp%2Fv2%2Fmedia&parent=22722"}],"wp:term":[{"taxonomy":"category","embeddable":true,"href":"https:\/\/www.fumssar.com.br\/index.php?rest_route=%2Fwp%2Fv2%2Fcategories&post=22722"},{"taxonomy":"post_tag","embeddable":true,"href":"https:\/\/www.fumssar.com.br\/index.php?rest_route=%2Fwp%2Fv2%2Ftags&post=22722"}],"curies":[{"name":"wp","href":"https:\/\/api.w.org\/{rel}","templated":true}]}}