{"id":22716,"date":"2022-11-23T15:22:50","date_gmt":"2022-11-23T18:22:50","guid":{"rendered":"http:\/\/www.fumssar.com.br\/?p=22716"},"modified":"2024-10-07T16:32:50","modified_gmt":"2024-10-07T19:32:50","slug":"fumssar-tem-um-aumento-de-6157-no-numero-de-cirurgias-eletivas-realizadas-em-santa-rosa","status":"publish","type":"post","link":"https:\/\/www.fumssar.com.br\/?p=22716","title":{"rendered":"FUMSSAR tem um aumento de 61,57% no n\u00famero de cirurgias eletivas realizadas em Santa Rosa"},"content":{"rendered":"\n<figure class=\"wp-block-image\"><img loading=\"lazy\" decoding=\"async\" width=\"860\" height=\"645\" src=\"http:\/\/www.fumssar.com.br\/wp-content\/uploads\/2022\/07\/Formato-Site-e-Portal-860X645-JPG-15.jpg\" alt=\"\" class=\"wp-image-21471\" srcset=\"https:\/\/www.fumssar.com.br\/wp-content\/uploads\/2022\/07\/Formato-Site-e-Portal-860X645-JPG-15.jpg 860w, https:\/\/www.fumssar.com.br\/wp-content\/uploads\/2022\/07\/Formato-Site-e-Portal-860X645-JPG-15-300x225.jpg 300w, https:\/\/www.fumssar.com.br\/wp-content\/uploads\/2022\/07\/Formato-Site-e-Portal-860X645-JPG-15-768x576.jpg 768w\" sizes=\"(max-width: 860px) 100vw, 860px\" \/><\/figure>\n\n\n\n<p>A Funda\u00e7\u00e3o Municipal de Sa\u00fade de Santa Rosa &#8211; FUMSSAR encaminhou nos primeiros nove meses de 2022, 1.853 cirurgias eletivas no munic\u00edpio. Um aumento de 61,57% em rela\u00e7\u00e3o ao mesmo per\u00edodo do ano anterior, quando ocorreram 1.147 procedimentos. Essa \u00e9 uma meta do governo, ampliar o n\u00famero de cirurgias para proporcionar mais qualidade de vida para a popula\u00e7\u00e3o. O Minist\u00e9rio da Sa\u00fade define como eletivas todas as cirurgias que n\u00e3o s\u00e3o de emerg\u00eancia, ou seja, n\u00e3o precisam ser feitas imediatamente. Conforme dados da Funda\u00e7\u00e3o, o maior volume se concentra nas \u00e1reas de oftalmologia e cirurgia geral (h\u00e9rnia e ves\u00edcula), seguida de traumatologia.<\/p>\n\n\n\n<p>A cirurgia eletiva \u00e9 um procedimento que pode ser agendado com anteced\u00eancia e at\u00e9 mesmo adiado por um per\u00edodo, conforme indica\u00e7\u00e3o e avalia\u00e7\u00e3o m\u00e9dica. O Presidente da FUMSSAR, D\u00e9lcio Stefan, explica que o crescimento no n\u00famero de cirurgias realizadas, \u00e9 poss\u00edvel em fun\u00e7\u00e3o do investimento do munic\u00edpio, \u201cA gest\u00e3o tem investido cada vez mais na sa\u00fade. Ficamos muito contentes com os resultados que temos alcan\u00e7ado a cada ano. Nosso prop\u00f3sito \u00e9 servir cada vez melhor a comunidade e com isto, melhorar a qualidade de vida das pessoas\u201d.<\/p>\n\n\n\n<p>A porta de entrada para a realiza\u00e7\u00e3o das cirurgias eletivas do SUS \u00e9 a Unidade B\u00e1sica de Sa\u00fade. A professora Maristela de Borba, foi uma das 1.853 pessoas, que realizou o procedimento neste ano. Ela fez uma cirurgia de H\u00e9rnia Inguinal, um quadro que pode ser tratado de forma eletiva (com a cirurgia planejada e n\u00e3o emergencial). \u201cS\u00f3 tenho elogios ao atendimento que recebi dos profissionais da FUMSSAR. Mesmo n\u00e3o sendo um caso grave, ser atendida em um tempo mais breve, \u00e9 a garantia de mais qualidade de vida. Agora, posso trabalhar tranquilamente e retomar minhas atividades di\u00e1rias\u201d, destacou Maristela. A Funda\u00e7\u00e3o refor\u00e7a tamb\u00e9m, que \u00e9 preciso aten\u00e7\u00e3o para n\u00e3o considerar o termo eletiva, como sin\u00f4nimo de opcional. \u00c9 importante manter um acompanhamento e cuidados com a sa\u00fade.<\/p>\n","protected":false},"excerpt":{"rendered":"<p>A Funda\u00e7\u00e3o Municipal de Sa\u00fade de Santa Rosa &#8211; FUMSSAR encaminhou nos primeiros nove meses&#8230;<\/p>\n","protected":false},"author":36,"featured_media":21334,"comment_status":"closed","ping_status":"closed","sticky":false,"template":"","format":"standard","meta":{"footnotes":""},"categories":[2],"tags":[],"_links":{"self":[{"href":"https:\/\/www.fumssar.com.br\/index.php?rest_route=\/wp\/v2\/posts\/22716"}],"collection":[{"href":"https:\/\/www.fumssar.com.br\/index.php?rest_route=\/wp\/v2\/posts"}],"about":[{"href":"https:\/\/www.fumssar.com.br\/index.php?rest_route=\/wp\/v2\/types\/post"}],"author":[{"embeddable":true,"href":"https:\/\/www.fumssar.com.br\/index.php?rest_route=\/wp\/v2\/users\/36"}],"replies":[{"embeddable":true,"href":"https:\/\/www.fumssar.com.br\/index.php?rest_route=%2Fwp%2Fv2%2Fcomments&post=22716"}],"version-history":[{"count":1,"href":"https:\/\/www.fumssar.com.br\/index.php?rest_route=\/wp\/v2\/posts\/22716\/revisions"}],"predecessor-version":[{"id":22717,"href":"https:\/\/www.fumssar.com.br\/index.php?rest_route=\/wp\/v2\/posts\/22716\/revisions\/22717"}],"wp:featuredmedia":[{"embeddable":true,"href":"https:\/\/www.fumssar.com.br\/index.php?rest_route=\/wp\/v2\/media\/21334"}],"wp:attachment":[{"href":"https:\/\/www.fumssar.com.br\/index.php?rest_route=%2Fwp%2Fv2%2Fmedia&parent=22716"}],"wp:term":[{"taxonomy":"category","embeddable":true,"href":"https:\/\/www.fumssar.com.br\/index.php?rest_route=%2Fwp%2Fv2%2Fcategories&post=22716"},{"taxonomy":"post_tag","embeddable":true,"href":"https:\/\/www.fumssar.com.br\/index.php?rest_route=%2Fwp%2Fv2%2Ftags&post=22716"}],"curies":[{"name":"wp","href":"https:\/\/api.w.org\/{rel}","templated":true}]}}