{"id":22713,"date":"2022-11-23T15:07:32","date_gmt":"2022-11-23T18:07:32","guid":{"rendered":"http:\/\/www.fumssar.com.br\/?p=22713"},"modified":"2024-10-07T16:32:50","modified_gmt":"2024-10-07T19:32:50","slug":"informativo-7","status":"publish","type":"post","link":"https:\/\/www.fumssar.com.br\/?p=22713","title":{"rendered":"INFORMATIVO"},"content":{"rendered":"\n<figure class=\"wp-block-image\"><img loading=\"lazy\" decoding=\"async\" width=\"1024\" height=\"1024\" src=\"http:\/\/www.fumssar.com.br\/wp-content\/uploads\/2022\/11\/O-seu-sangue-pode-salvar-vidas-instagram-post-3-1024x1024.png\" alt=\"\" class=\"wp-image-22720\" srcset=\"https:\/\/www.fumssar.com.br\/wp-content\/uploads\/2022\/11\/O-seu-sangue-pode-salvar-vidas-instagram-post-3-1024x1024.png 1024w, https:\/\/www.fumssar.com.br\/wp-content\/uploads\/2022\/11\/O-seu-sangue-pode-salvar-vidas-instagram-post-3-150x150.png 150w, https:\/\/www.fumssar.com.br\/wp-content\/uploads\/2022\/11\/O-seu-sangue-pode-salvar-vidas-instagram-post-3-300x300.png 300w, https:\/\/www.fumssar.com.br\/wp-content\/uploads\/2022\/11\/O-seu-sangue-pode-salvar-vidas-instagram-post-3-768x768.png 768w, https:\/\/www.fumssar.com.br\/wp-content\/uploads\/2022\/11\/O-seu-sangue-pode-salvar-vidas-instagram-post-3.png 1080w\" sizes=\"(max-width: 1024px) 100vw, 1024px\" \/><\/figure>\n\n\n\n<p><strong>COVID-19:<\/strong><br><em> Confira as datas de aplica\u00e7\u00e3o da vacina contra a COVID-19<\/em><\/p>\n\n\n\n<p>Nesta quarta-feira (23), acontece a imuniza\u00e7\u00e3o contra a COVID-19. O atendimento vai at\u00e9 \u00e0s 17h na Unidade B\u00e1sica de Sa\u00fade do Centro. V\u00e3o estar dispon\u00edveis todas as doses, a partir dos 03 anos de idade.<\/p>\n\n\n\n<p>As crian\u00e7as e adolescentes que forem se vacinar, precisam ir acompanhadas dos pais ou respons\u00e1veis. Para se vacinar, \u00e9 preciso levar documento com foto, CPF e a caderneta de vacina\u00e7\u00e3o. A UBS do Centro fica localizada na Rua Buenos Aires, 40 \u2013 centro. O pr\u00f3ximo dia de aplica\u00e7\u00e3o vai ser na segunda-feira (28), das18h30min \u00e0s 21h30min. Confira no site da FUMSSAR, as faixas et\u00e1rias e o intervalo entre as doses.<\/p>\n\n\n\n<p><strong>DENGUE:<\/strong><\/p>\n\n\n\n<p>A FUMSSAR registrou nesta semana, o primeiro caso positivo de Dengue no munic\u00edpio. A verifica\u00e7\u00e3o veio a partir de um teste-r\u00e1pido, que poder\u00e1 ser confirmado ou n\u00e3o, via laborat\u00f3rio. O clima quente oferece uma condi\u00e7\u00e3o prop\u00edcia para o aumento da prolifera\u00e7\u00e3o de focos do mosquito Aedes Aegypti, transmissor da Dengue, Zika v\u00edrus e Chikungunya. Dessa forma, os profissionais que atuam no combate \u00e0 doen\u00e7a, orientam a popula\u00e7\u00e3o para que n\u00e3o deixe \u00e1gua parada e fa\u00e7a uso do repelente. Caso sejam observados sintomas, \u00e9 necess\u00e1rio manter a hidrata\u00e7\u00e3o e procurar a Unidade B\u00e1sica de Sa\u00fade de refer\u00eancia. A equipe de Vigil\u00e2ncia em Sa\u00fade da Funda\u00e7\u00e3o intensificou o trabalho de conscientiza\u00e7\u00e3o no combate \u00e0 Dengue. Diversas a\u00e7\u00f5es est\u00e3o sendo realizadas em toda a cidade, para a preven\u00e7\u00e3o da doen\u00e7a.<\/p>\n","protected":false},"excerpt":{"rendered":"<p>COVID-19: Confira as datas de aplica\u00e7\u00e3o da vacina contra a COVID-19 Nesta quarta-feira (23), acontece&#8230;<\/p>\n","protected":false},"author":36,"featured_media":22720,"comment_status":"closed","ping_status":"closed","sticky":false,"template":"","format":"standard","meta":{"footnotes":""},"categories":[152,2],"tags":[],"_links":{"self":[{"href":"https:\/\/www.fumssar.com.br\/index.php?rest_route=\/wp\/v2\/posts\/22713"}],"collection":[{"href":"https:\/\/www.fumssar.com.br\/index.php?rest_route=\/wp\/v2\/posts"}],"about":[{"href":"https:\/\/www.fumssar.com.br\/index.php?rest_route=\/wp\/v2\/types\/post"}],"author":[{"embeddable":true,"href":"https:\/\/www.fumssar.com.br\/index.php?rest_route=\/wp\/v2\/users\/36"}],"replies":[{"embeddable":true,"href":"https:\/\/www.fumssar.com.br\/index.php?rest_route=%2Fwp%2Fv2%2Fcomments&post=22713"}],"version-history":[{"count":2,"href":"https:\/\/www.fumssar.com.br\/index.php?rest_route=\/wp\/v2\/posts\/22713\/revisions"}],"predecessor-version":[{"id":22721,"href":"https:\/\/www.fumssar.com.br\/index.php?rest_route=\/wp\/v2\/posts\/22713\/revisions\/22721"}],"wp:featuredmedia":[{"embeddable":true,"href":"https:\/\/www.fumssar.com.br\/index.php?rest_route=\/wp\/v2\/media\/22720"}],"wp:attachment":[{"href":"https:\/\/www.fumssar.com.br\/index.php?rest_route=%2Fwp%2Fv2%2Fmedia&parent=22713"}],"wp:term":[{"taxonomy":"category","embeddable":true,"href":"https:\/\/www.fumssar.com.br\/index.php?rest_route=%2Fwp%2Fv2%2Fcategories&post=22713"},{"taxonomy":"post_tag","embeddable":true,"href":"https:\/\/www.fumssar.com.br\/index.php?rest_route=%2Fwp%2Fv2%2Ftags&post=22713"}],"curies":[{"name":"wp","href":"https:\/\/api.w.org\/{rel}","templated":true}]}}