{"id":22701,"date":"2022-11-22T09:21:56","date_gmt":"2022-11-22T12:21:56","guid":{"rendered":"http:\/\/www.fumssar.com.br\/?p=22701"},"modified":"2024-10-07T16:32:50","modified_gmt":"2024-10-07T19:32:50","slug":"vacinacao-contra-a-covid-19-confira-o-cronograma-de-aplicacao","status":"publish","type":"post","link":"https:\/\/www.fumssar.com.br\/?p=22701","title":{"rendered":"Vacina\u00e7\u00e3o contra a COVID-19: confira o cronograma de aplica\u00e7\u00e3o"},"content":{"rendered":"\n<figure class=\"wp-block-image\"><img loading=\"lazy\" decoding=\"async\" width=\"1024\" height=\"1024\" src=\"http:\/\/www.fumssar.com.br\/wp-content\/uploads\/2022\/11\/O-seu-sangue-pode-salvar-vidas-instagram-post-1-1024x1024.png\" alt=\"\" class=\"wp-image-22702\" srcset=\"https:\/\/www.fumssar.com.br\/wp-content\/uploads\/2022\/11\/O-seu-sangue-pode-salvar-vidas-instagram-post-1-1024x1024.png 1024w, https:\/\/www.fumssar.com.br\/wp-content\/uploads\/2022\/11\/O-seu-sangue-pode-salvar-vidas-instagram-post-1-150x150.png 150w, https:\/\/www.fumssar.com.br\/wp-content\/uploads\/2022\/11\/O-seu-sangue-pode-salvar-vidas-instagram-post-1-300x300.png 300w, https:\/\/www.fumssar.com.br\/wp-content\/uploads\/2022\/11\/O-seu-sangue-pode-salvar-vidas-instagram-post-1-768x768.png 768w, https:\/\/www.fumssar.com.br\/wp-content\/uploads\/2022\/11\/O-seu-sangue-pode-salvar-vidas-instagram-post-1.png 1080w\" sizes=\"(max-width: 1024px) 100vw, 1024px\" \/><\/figure>\n\n\n\n<p>A Funda\u00e7\u00e3o Municipal de Sa\u00fade de Santa Rosa informa a popula\u00e7\u00e3o as datas e hor\u00e1rios dispon\u00edveis para a aplica\u00e7\u00e3o da vacina contra a COVID-19. A imuniza\u00e7\u00e3o vai acontecer nesta quarta-feira (23), das 13h30min \u00e0s 17h e na pr\u00f3xima segunda-feira (28), das18h30min \u00e0s 21h30min, na Unidade B\u00e1sica de Sa\u00fade do Centro. V\u00e3o estar dispon\u00edveis todas as doses, a partir dos 03 anos de idade.<\/p>\n\n\n\n<p>O munic\u00edpio conta com 88% da popula\u00e7\u00e3o vacinada com primeira dose e 85% com a segunda dose ou dose \u00fanica. Foram realizadas desde o in\u00edcio da pandemia, 166.481 vacinas. O cronograma de vacina\u00e7\u00e3o, est\u00e1 divulgado no site da FUMSSAR. As crian\u00e7as e adolescentes que forem se vacinar, precisam ir acompanhadas dos pais ou respons\u00e1veis. Para se vacinar, \u00e9 preciso levar documento com foto, CPF e a caderneta de vacina\u00e7\u00e3o. A UBS do Centro fica localizada na Rua Buenos Aires, 40 \u2013 centro.<\/p>\n\n\n\n<p>Confira abaixo as faixas et\u00e1rias e o intervalo entre as doses:<\/p>\n\n\n\n<ul><li>1\u00aa Dose &#8211; Por faixa et\u00e1ria: a partir dos 03 anos<\/li><li>2\u00aa Dose \u2013 Intervalo<br>\nCoronavac: ap\u00f3s 28 dias da D1<br>\nAstrazeneca e Pfizer: ap\u00f3s 08 semanas da D1<br>\nJanssen: de 02 a 06 meses ap\u00f3s a D1<\/li><li>3\u00aa Dose &#8211; Dose de Refor\u00e7o (DR1) \u2013 A partir dos 12 anos: ap\u00f3s 120 dias (4 meses) da 2\u00aa dose de Pfizer, Astrazeneca, Janssen ou Coronavac<\/li><li>4\u00aa Dose &#8211; Dose de Refor\u00e7o (DR2)<br>\nPor faixa et\u00e1ria: a partir dos 40 anos<br>\nImunossuprimidos: ap\u00f3s 4 meses da terceira dose<br>\nProfissionais da \u00e1rea da sa\u00fade<\/li><\/ul>\n","protected":false},"excerpt":{"rendered":"<p>A Funda\u00e7\u00e3o Municipal de Sa\u00fade de Santa Rosa informa a popula\u00e7\u00e3o as datas e hor\u00e1rios&#8230;<\/p>\n","protected":false},"author":36,"featured_media":22702,"comment_status":"closed","ping_status":"closed","sticky":false,"template":"","format":"standard","meta":{"footnotes":""},"categories":[152,2],"tags":[],"_links":{"self":[{"href":"https:\/\/www.fumssar.com.br\/index.php?rest_route=\/wp\/v2\/posts\/22701"}],"collection":[{"href":"https:\/\/www.fumssar.com.br\/index.php?rest_route=\/wp\/v2\/posts"}],"about":[{"href":"https:\/\/www.fumssar.com.br\/index.php?rest_route=\/wp\/v2\/types\/post"}],"author":[{"embeddable":true,"href":"https:\/\/www.fumssar.com.br\/index.php?rest_route=\/wp\/v2\/users\/36"}],"replies":[{"embeddable":true,"href":"https:\/\/www.fumssar.com.br\/index.php?rest_route=%2Fwp%2Fv2%2Fcomments&post=22701"}],"version-history":[{"count":1,"href":"https:\/\/www.fumssar.com.br\/index.php?rest_route=\/wp\/v2\/posts\/22701\/revisions"}],"predecessor-version":[{"id":22703,"href":"https:\/\/www.fumssar.com.br\/index.php?rest_route=\/wp\/v2\/posts\/22701\/revisions\/22703"}],"wp:featuredmedia":[{"embeddable":true,"href":"https:\/\/www.fumssar.com.br\/index.php?rest_route=\/wp\/v2\/media\/22702"}],"wp:attachment":[{"href":"https:\/\/www.fumssar.com.br\/index.php?rest_route=%2Fwp%2Fv2%2Fmedia&parent=22701"}],"wp:term":[{"taxonomy":"category","embeddable":true,"href":"https:\/\/www.fumssar.com.br\/index.php?rest_route=%2Fwp%2Fv2%2Fcategories&post=22701"},{"taxonomy":"post_tag","embeddable":true,"href":"https:\/\/www.fumssar.com.br\/index.php?rest_route=%2Fwp%2Fv2%2Ftags&post=22701"}],"curies":[{"name":"wp","href":"https:\/\/api.w.org\/{rel}","templated":true}]}}