{"id":22687,"date":"2022-11-18T16:38:49","date_gmt":"2022-11-18T19:38:49","guid":{"rendered":"http:\/\/www.fumssar.com.br\/?p=22687"},"modified":"2024-10-07T16:32:50","modified_gmt":"2024-10-07T19:32:50","slug":"fumssar-realiza-acoes-de-prevencao-no-combate-a-dengue","status":"publish","type":"post","link":"https:\/\/www.fumssar.com.br\/?p=22687","title":{"rendered":"FUMSSAR realiza a\u00e7\u00f5es de preven\u00e7\u00e3o no combate \u00e0 Dengue"},"content":{"rendered":"\n<figure class=\"wp-block-image\"><img loading=\"lazy\" decoding=\"async\" width=\"860\" height=\"645\" src=\"http:\/\/www.fumssar.com.br\/wp-content\/uploads\/2022\/11\/Formato-Site-e-Portal-860X645-JPG-88.jpg\" alt=\"\" class=\"wp-image-22688\" srcset=\"https:\/\/www.fumssar.com.br\/wp-content\/uploads\/2022\/11\/Formato-Site-e-Portal-860X645-JPG-88.jpg 860w, https:\/\/www.fumssar.com.br\/wp-content\/uploads\/2022\/11\/Formato-Site-e-Portal-860X645-JPG-88-300x225.jpg 300w, https:\/\/www.fumssar.com.br\/wp-content\/uploads\/2022\/11\/Formato-Site-e-Portal-860X645-JPG-88-768x576.jpg 768w\" sizes=\"(max-width: 860px) 100vw, 860px\" \/><\/figure>\n\n\n\n<p>A FUMSSAR por meio da equipe de Vigil\u00e2ncia em Sa\u00fade intensificou o trabalho de conscientiza\u00e7\u00e3o no combate \u00e0 Dengue. Na quinta-feira (17) e nesta sexta-feira (18), os agentes de sa\u00fade realizaram diversas a\u00e7\u00f5es com a popula\u00e7\u00e3o. O objetivo foi orientar o cidad\u00e3o para a preven\u00e7\u00e3o da doen\u00e7a que tem um aumento significativo de casos no ver\u00e3o. O clima quente oferece uma condi\u00e7\u00e3o prop\u00edcia para o aumento da prolifera\u00e7\u00e3o de focos do mosquito Aedes Aegypti, transmissor da Dengue, Zika v\u00edrus e Chikungunya. Foram entregues em v\u00e1rios pontos da cidade, panfletos informativos e de orienta\u00e7\u00e3o. A atividade faz parte tamb\u00e9m da celebra\u00e7\u00e3o do Dia Nacional de Combate \u00e0 Dengue, comemorado no s\u00e1bado, dia 19 de novembro.<\/p>\n\n\n\n<p>Santa Rosa registrou cerca de 2 mil casos de Dengue no \u00faltimo ver\u00e3o. A Funda\u00e7\u00e3o de Sa\u00fade atua durante o ano todo com vistorias em im\u00f3veis e atividades de conscientiza\u00e7\u00e3o. O Gerente das Vigil\u00e2ncias, Jairo Beal, ressaltou que a colabora\u00e7\u00e3o da popula\u00e7\u00e3o \u00e9 fundamental para auxiliar no trabalho realizado, \u201cN\u00e3o tem como fugir dos cuidados que a popula\u00e7\u00e3o j\u00e1 conhece, sendo o principal deles, n\u00e3o deixar \u00e1gua parada. O morador \u00e9 fator importante neste processo de controle e preven\u00e7\u00e3o da doen\u00e7a e \u00e9 com a ajuda dele que vamos conseguir um resultado satisfat\u00f3rio\u201d. A a\u00e7\u00e3o contou tamb\u00e9m com a presen\u00e7a da mascote do mosquito, que acompanhou os agentes nas visitas realizadas.<\/p>\n","protected":false},"excerpt":{"rendered":"<p>A FUMSSAR por meio da equipe de Vigil\u00e2ncia em Sa\u00fade intensificou o trabalho de conscientiza\u00e7\u00e3o&#8230;<\/p>\n","protected":false},"author":36,"featured_media":22689,"comment_status":"closed","ping_status":"closed","sticky":false,"template":"","format":"standard","meta":{"footnotes":""},"categories":[2],"tags":[],"_links":{"self":[{"href":"https:\/\/www.fumssar.com.br\/index.php?rest_route=\/wp\/v2\/posts\/22687"}],"collection":[{"href":"https:\/\/www.fumssar.com.br\/index.php?rest_route=\/wp\/v2\/posts"}],"about":[{"href":"https:\/\/www.fumssar.com.br\/index.php?rest_route=\/wp\/v2\/types\/post"}],"author":[{"embeddable":true,"href":"https:\/\/www.fumssar.com.br\/index.php?rest_route=\/wp\/v2\/users\/36"}],"replies":[{"embeddable":true,"href":"https:\/\/www.fumssar.com.br\/index.php?rest_route=%2Fwp%2Fv2%2Fcomments&post=22687"}],"version-history":[{"count":1,"href":"https:\/\/www.fumssar.com.br\/index.php?rest_route=\/wp\/v2\/posts\/22687\/revisions"}],"predecessor-version":[{"id":22690,"href":"https:\/\/www.fumssar.com.br\/index.php?rest_route=\/wp\/v2\/posts\/22687\/revisions\/22690"}],"wp:featuredmedia":[{"embeddable":true,"href":"https:\/\/www.fumssar.com.br\/index.php?rest_route=\/wp\/v2\/media\/22689"}],"wp:attachment":[{"href":"https:\/\/www.fumssar.com.br\/index.php?rest_route=%2Fwp%2Fv2%2Fmedia&parent=22687"}],"wp:term":[{"taxonomy":"category","embeddable":true,"href":"https:\/\/www.fumssar.com.br\/index.php?rest_route=%2Fwp%2Fv2%2Fcategories&post=22687"},{"taxonomy":"post_tag","embeddable":true,"href":"https:\/\/www.fumssar.com.br\/index.php?rest_route=%2Fwp%2Fv2%2Ftags&post=22687"}],"curies":[{"name":"wp","href":"https:\/\/api.w.org\/{rel}","templated":true}]}}