{"id":2268,"date":"2014-08-21T20:28:05","date_gmt":"2014-08-21T20:28:05","guid":{"rendered":"http:\/\/www.fumssar.com.br\/?p=2268"},"modified":"2024-10-07T16:36:17","modified_gmt":"2024-10-07T19:36:17","slug":"assinado-o-contrato-para-a-continuidade-do-samu-em-horizontina","status":"publish","type":"post","link":"https:\/\/www.fumssar.com.br\/?p=2268","title":{"rendered":"Assinado o contrato para a continuidade do SAMU em Horizontina"},"content":{"rendered":"<p>Foi assinado na tarde desta quarta-feira (21), o contrato entre a Funda\u00e7\u00e3o Municipal de Sa\u00fade de Santa Rosa-FUMSSAR e o munic\u00edpio de Horizontina para a continuidade do Servi\u00e7o de Atendimento M\u00f3vel de Urg\u00eancia \u2013 SAMU. O contrato prev\u00ea um repasse de R$ 29.403,74 mensalmente\u00a0 pela Prefeitura de Horizontina \u00e0 FUMSSAR para a presta\u00e7\u00e3o dos servi\u00e7os que s\u00e3o terceirizados. O\u00a0 Prefeito da Cidade, Nildo Hickmann destacou a import\u00e2ncia da assinatura do contrato que ir\u00e1 tranquilizar a comunidade na presta\u00e7\u00e3o de um servi\u00e7o t\u00e3o importante \u00e0 popula\u00e7\u00e3o. Para ele\u00a0 a Prefeitura est\u00e1 buscando\u00a0 a perman\u00eancia\u00a0 do conv\u00eanio\u00a0\u00a0 no momento em que opta\u00a0 pela continuidade\u00a0 no atendimento pelo SAMU. Aldair Melchior, Diretor de Gest\u00e3o Administrativa da FUMSSAR disse que a perman\u00eancia do conv\u00eanio reafirma uma parceria entre as partes uma para que a comunidade fique protegida no servi\u00e7o de atendimento m\u00f3vel de urg\u00eancia.<\/p>\n<p>Na oportunidade tamb\u00e9m foram assinados contratos \u00a0 \u00a0com o Cons\u00f3rcio Fronteira Noroeste-COFRON que pactua o funcionamento da Rede Regional de Urg\u00eancias e Emerg\u00eancias, envolvendo o SAMU e a UPA, para os 22 munic\u00edpios referenciados pela 14\u00aa Coordenadoria Regional de Sa\u00fade. A FUMSSAR \u00e9 a gestora dos servi\u00e7os e conveniou com o Hospital Vida&amp; Sa\u00fade de Santa Rosa que vai operacionalizar os servi\u00e7os. A Presidente do COFRON, prefeita de Porto Vera Cruz Vanice Mattos ressaltou o passo importante que a regi\u00e3o est\u00e1 dando na cria\u00e7\u00e3o da rede de urg\u00eancia e emerg\u00eancia. Para ela o esfor\u00e7o m\u00fatuo regionais tem dado muitos resultados, na busca da aproxima\u00e7\u00e3o de mais servi\u00e7os especializados ao cidad\u00e3o. \u201cO Cons\u00f3rcio est\u00e1\u00a0 ofertando os servi\u00e7os e cada vez mais especializados para fortalecer os hospitais da regi\u00e3o\u201d\u00a0 frisou a presidente.<\/p>\n","protected":false},"excerpt":{"rendered":"<p>Foi assinado na tarde desta quarta-feira (21), o contrato entre a Funda\u00e7\u00e3o Municipal de Sa\u00fade&#8230;<\/p>\n","protected":false},"author":11,"featured_media":2269,"comment_status":"open","ping_status":"open","sticky":false,"template":"","format":"standard","meta":{"footnotes":""},"categories":[2],"tags":[],"_links":{"self":[{"href":"https:\/\/www.fumssar.com.br\/index.php?rest_route=\/wp\/v2\/posts\/2268"}],"collection":[{"href":"https:\/\/www.fumssar.com.br\/index.php?rest_route=\/wp\/v2\/posts"}],"about":[{"href":"https:\/\/www.fumssar.com.br\/index.php?rest_route=\/wp\/v2\/types\/post"}],"author":[{"embeddable":true,"href":"https:\/\/www.fumssar.com.br\/index.php?rest_route=\/wp\/v2\/users\/11"}],"replies":[{"embeddable":true,"href":"https:\/\/www.fumssar.com.br\/index.php?rest_route=%2Fwp%2Fv2%2Fcomments&post=2268"}],"version-history":[{"count":1,"href":"https:\/\/www.fumssar.com.br\/index.php?rest_route=\/wp\/v2\/posts\/2268\/revisions"}],"predecessor-version":[{"id":2270,"href":"https:\/\/www.fumssar.com.br\/index.php?rest_route=\/wp\/v2\/posts\/2268\/revisions\/2270"}],"wp:featuredmedia":[{"embeddable":true,"href":"https:\/\/www.fumssar.com.br\/index.php?rest_route=\/wp\/v2\/media\/2269"}],"wp:attachment":[{"href":"https:\/\/www.fumssar.com.br\/index.php?rest_route=%2Fwp%2Fv2%2Fmedia&parent=2268"}],"wp:term":[{"taxonomy":"category","embeddable":true,"href":"https:\/\/www.fumssar.com.br\/index.php?rest_route=%2Fwp%2Fv2%2Fcategories&post=2268"},{"taxonomy":"post_tag","embeddable":true,"href":"https:\/\/www.fumssar.com.br\/index.php?rest_route=%2Fwp%2Fv2%2Ftags&post=2268"}],"curies":[{"name":"wp","href":"https:\/\/api.w.org\/{rel}","templated":true}]}}