{"id":22626,"date":"2022-11-04T14:55:59","date_gmt":"2022-11-04T17:55:59","guid":{"rendered":"http:\/\/www.fumssar.com.br\/?p=22626"},"modified":"2024-10-07T16:32:50","modified_gmt":"2024-10-07T19:32:50","slug":"1a-feira-de-saude-acontece-em-santa-rosa","status":"publish","type":"post","link":"https:\/\/www.fumssar.com.br\/?p=22626","title":{"rendered":"1\u00aa Feira de Sa\u00fade acontece em Santa Rosa"},"content":{"rendered":"\n<figure class=\"wp-block-image\"><img loading=\"lazy\" decoding=\"async\" width=\"1024\" height=\"768\" src=\"http:\/\/www.fumssar.com.br\/wp-content\/uploads\/2022\/11\/WhatsApp-Image-2022-11-04-at-11.29.25-1024x768.jpeg\" alt=\"\" class=\"wp-image-22627\" srcset=\"https:\/\/www.fumssar.com.br\/wp-content\/uploads\/2022\/11\/WhatsApp-Image-2022-11-04-at-11.29.25.jpeg 1024w, https:\/\/www.fumssar.com.br\/wp-content\/uploads\/2022\/11\/WhatsApp-Image-2022-11-04-at-11.29.25-300x225.jpeg 300w, https:\/\/www.fumssar.com.br\/wp-content\/uploads\/2022\/11\/WhatsApp-Image-2022-11-04-at-11.29.25-768x576.jpeg 768w\" sizes=\"(max-width: 1024px) 100vw, 1024px\" \/><\/figure>\n\n\n\n<p>A Funda\u00e7\u00e3o Municipal de Sa\u00fade de Santa Rosa est\u00e1 realizando nesta sexta-feira (04), a 1\u00aa Feira de Sa\u00fade do munic\u00edpio. O evento iniciou \u00e0s 09h da manh\u00e3 e vai at\u00e9 \u00e0s 16 horas, no Campo Ouro Verde, bairro Cruzeiro. Est\u00e3o acontecendo diversas a\u00e7\u00f5es, como: testes r\u00e1pidos, aferi\u00e7\u00e3o de glicose e press\u00e3o, vacinas, mateada, atividades f\u00edsicas, brinquedos para as crian\u00e7as, entre outros. A feira foi organizada pela equipe da Unidade B\u00e1sica de Sa\u00fade da J\u00falio de Oliveira. <\/p>\n\n\n\n<p>Diversas institui\u00e7\u00f5es e autoridades prestigiaram a abertura do evento. O objetivo \u00e9 aproximar a comunidade, al\u00e9m de conscientizar sobre a import\u00e2ncia da preven\u00e7\u00e3o de doen\u00e7as. O Presidente da FUMSSAR, D\u00e9lcio Stefan agradeceu a presen\u00e7a de todos e refor\u00e7ou a import\u00e2ncia dos cuidados em sa\u00fade, \u201cEstamos muito contentes de estar aqui na J\u00falio de Oliveira realizando a 1\u00aa Feira de Sa\u00fade em Santa Rosa. Um momento de confraterniza\u00e7\u00e3o e que re\u00fane v\u00e1rios servi\u00e7os que contribuem para a sa\u00fade integral da popula\u00e7\u00e3o\u201d. A 1\u00aa Feira de Sa\u00fade UBS J\u00falio de Oliveira est\u00e1 ocorrendo na R. Firmino de Paula, 511 \u2013 Cruzeiro.<\/p>\n","protected":false},"excerpt":{"rendered":"<p>A Funda\u00e7\u00e3o Municipal de Sa\u00fade de Santa Rosa est\u00e1 realizando nesta sexta-feira (04), a 1\u00aa&#8230;<\/p>\n","protected":false},"author":36,"featured_media":22627,"comment_status":"closed","ping_status":"closed","sticky":false,"template":"","format":"standard","meta":{"footnotes":""},"categories":[2],"tags":[],"_links":{"self":[{"href":"https:\/\/www.fumssar.com.br\/index.php?rest_route=\/wp\/v2\/posts\/22626"}],"collection":[{"href":"https:\/\/www.fumssar.com.br\/index.php?rest_route=\/wp\/v2\/posts"}],"about":[{"href":"https:\/\/www.fumssar.com.br\/index.php?rest_route=\/wp\/v2\/types\/post"}],"author":[{"embeddable":true,"href":"https:\/\/www.fumssar.com.br\/index.php?rest_route=\/wp\/v2\/users\/36"}],"replies":[{"embeddable":true,"href":"https:\/\/www.fumssar.com.br\/index.php?rest_route=%2Fwp%2Fv2%2Fcomments&post=22626"}],"version-history":[{"count":1,"href":"https:\/\/www.fumssar.com.br\/index.php?rest_route=\/wp\/v2\/posts\/22626\/revisions"}],"predecessor-version":[{"id":22628,"href":"https:\/\/www.fumssar.com.br\/index.php?rest_route=\/wp\/v2\/posts\/22626\/revisions\/22628"}],"wp:featuredmedia":[{"embeddable":true,"href":"https:\/\/www.fumssar.com.br\/index.php?rest_route=\/wp\/v2\/media\/22627"}],"wp:attachment":[{"href":"https:\/\/www.fumssar.com.br\/index.php?rest_route=%2Fwp%2Fv2%2Fmedia&parent=22626"}],"wp:term":[{"taxonomy":"category","embeddable":true,"href":"https:\/\/www.fumssar.com.br\/index.php?rest_route=%2Fwp%2Fv2%2Fcategories&post=22626"},{"taxonomy":"post_tag","embeddable":true,"href":"https:\/\/www.fumssar.com.br\/index.php?rest_route=%2Fwp%2Fv2%2Ftags&post=22626"}],"curies":[{"name":"wp","href":"https:\/\/api.w.org\/{rel}","templated":true}]}}