{"id":22620,"date":"2022-11-01T17:35:56","date_gmt":"2022-11-01T20:35:56","guid":{"rendered":"http:\/\/www.fumssar.com.br\/?p=22620"},"modified":"2024-10-07T16:32:50","modified_gmt":"2024-10-07T19:32:50","slug":"cer-recebe-equipamentos-para-salas-de-terapia-ocupacional","status":"publish","type":"post","link":"https:\/\/www.fumssar.com.br\/?p=22620","title":{"rendered":"CER recebe equipamentos para salas de Terapia Ocupacional"},"content":{"rendered":"\n<figure class=\"wp-block-image\"><img loading=\"lazy\" decoding=\"async\" width=\"1024\" height=\"576\" src=\"https:\/\/www.fumssar.com.br\/wp-content\/uploads\/2022\/11\/IMG-20221101-WA0020-1024x576.jpg\" alt=\"\" class=\"wp-image-22621\" srcset=\"https:\/\/www.fumssar.com.br\/wp-content\/uploads\/2022\/11\/IMG-20221101-WA0020.jpg 1024w, https:\/\/www.fumssar.com.br\/wp-content\/uploads\/2022\/11\/IMG-20221101-WA0020-300x169.jpg 300w, https:\/\/www.fumssar.com.br\/wp-content\/uploads\/2022\/11\/IMG-20221101-WA0020-768x432.jpg 768w\" sizes=\"(max-width: 1024px) 100vw, 1024px\" \/><\/figure>\n\n\n\n<p>O Centro Especializado em Reabilita\u00e7\u00e3o Auditiva e Intelectual \u2013 CER II de Santa Rosa recebeu quatro equipamentos suspensos para as salas de Terapia Ocupacional. As novas aquisi\u00e7\u00f5es v\u00e3o ser utilizadas para estimula\u00e7\u00e3o sensorial dos pacientes e para auxiliar e aprimorar os atendimentos. Os equipamentos foram adquiridos atrav\u00e9s da Funda\u00e7\u00e3o Municipal de Sa\u00fade de Santa Rosa. Com as novas ferramentas, os profissionais v\u00e3o conseguir ofertar uma experi\u00eancia diferente para as crian\u00e7as atendidas no servi\u00e7o.<\/p>\n\n\n\n<p>Dentre as melhorias, est\u00e3o: o est\u00edmulo somatosensorial, ativa\u00e7\u00e3o da musculatura dos membros superiores para sustenta\u00e7\u00e3o do corpo, promo\u00e7\u00e3o de est\u00edmulos vestibulares na dire\u00e7\u00e3o linear e rotat\u00f3ria e ativa\u00e7\u00e3o da musculatura abdominal. Os aparelhos possuem cores vivas e aconchegantes favorecendo tamb\u00e9m, um grande est\u00edmulo visual. O Presidente da FUMSSAR, D\u00e9lcio Stefan, destaca que os equipamentos v\u00e3o contribuir para a estimula\u00e7\u00e3o sensorial dos pacientes em terapias no CER, \u201cS\u00e3o ferramentas que v\u00e3o auxiliar a equipe a trabalhar atividades que auxiliem no desenvolvimento das crian\u00e7as, promovendo mudan\u00e7as nos padr\u00f5es, habilidades e comportamentos\u201d. Nas salas de atendimentos, os profissionais tamb\u00e9m utilizam atividades para a coordena\u00e7\u00e3o visomotora grossa e fina; planejamento motor, estimula\u00e7\u00e3o cognitiva (percep\u00e7\u00e3o visual, mem\u00f3ria, aten\u00e7\u00e3o, concentra\u00e7\u00e3o, fun\u00e7\u00f5es executivas) e estimula\u00e7\u00e3o sensorial (tato, olfato, propriocep\u00e7\u00e3o).<\/p>\n","protected":false},"excerpt":{"rendered":"<p>O Centro Especializado em Reabilita\u00e7\u00e3o Auditiva e Intelectual \u2013 CER II de Santa Rosa recebeu&#8230;<\/p>\n","protected":false},"author":36,"featured_media":22621,"comment_status":"closed","ping_status":"closed","sticky":false,"template":"","format":"standard","meta":{"footnotes":""},"categories":[2],"tags":[],"_links":{"self":[{"href":"https:\/\/www.fumssar.com.br\/index.php?rest_route=\/wp\/v2\/posts\/22620"}],"collection":[{"href":"https:\/\/www.fumssar.com.br\/index.php?rest_route=\/wp\/v2\/posts"}],"about":[{"href":"https:\/\/www.fumssar.com.br\/index.php?rest_route=\/wp\/v2\/types\/post"}],"author":[{"embeddable":true,"href":"https:\/\/www.fumssar.com.br\/index.php?rest_route=\/wp\/v2\/users\/36"}],"replies":[{"embeddable":true,"href":"https:\/\/www.fumssar.com.br\/index.php?rest_route=%2Fwp%2Fv2%2Fcomments&post=22620"}],"version-history":[{"count":1,"href":"https:\/\/www.fumssar.com.br\/index.php?rest_route=\/wp\/v2\/posts\/22620\/revisions"}],"predecessor-version":[{"id":22622,"href":"https:\/\/www.fumssar.com.br\/index.php?rest_route=\/wp\/v2\/posts\/22620\/revisions\/22622"}],"wp:featuredmedia":[{"embeddable":true,"href":"https:\/\/www.fumssar.com.br\/index.php?rest_route=\/wp\/v2\/media\/22621"}],"wp:attachment":[{"href":"https:\/\/www.fumssar.com.br\/index.php?rest_route=%2Fwp%2Fv2%2Fmedia&parent=22620"}],"wp:term":[{"taxonomy":"category","embeddable":true,"href":"https:\/\/www.fumssar.com.br\/index.php?rest_route=%2Fwp%2Fv2%2Fcategories&post=22620"},{"taxonomy":"post_tag","embeddable":true,"href":"https:\/\/www.fumssar.com.br\/index.php?rest_route=%2Fwp%2Fv2%2Ftags&post=22620"}],"curies":[{"name":"wp","href":"https:\/\/api.w.org\/{rel}","templated":true}]}}