{"id":22453,"date":"2022-10-11T15:40:45","date_gmt":"2022-10-11T18:40:45","guid":{"rendered":"http:\/\/www.fumssar.com.br\/?p=22453"},"modified":"2024-10-07T16:33:14","modified_gmt":"2024-10-07T19:33:14","slug":"equipe-do-cer-ii-realiza-atividades-na-semana-da-crianca","status":"publish","type":"post","link":"https:\/\/www.fumssar.com.br\/?p=22453","title":{"rendered":"Equipe do CER II realiza atividades na Semana da Crian\u00e7a"},"content":{"rendered":"\n<figure class=\"wp-block-image\"><img loading=\"lazy\" decoding=\"async\" width=\"1024\" height=\"768\" src=\"http:\/\/www.fumssar.com.br\/wp-content\/uploads\/2022\/10\/WhatsApp-Image-2022-10-11-at-15.33.42-1024x768.jpeg\" alt=\"\" class=\"wp-image-22454\" srcset=\"https:\/\/www.fumssar.com.br\/wp-content\/uploads\/2022\/10\/WhatsApp-Image-2022-10-11-at-15.33.42-1024x768.jpeg 1024w, https:\/\/www.fumssar.com.br\/wp-content\/uploads\/2022\/10\/WhatsApp-Image-2022-10-11-at-15.33.42-300x225.jpeg 300w, https:\/\/www.fumssar.com.br\/wp-content\/uploads\/2022\/10\/WhatsApp-Image-2022-10-11-at-15.33.42-768x576.jpeg 768w, https:\/\/www.fumssar.com.br\/wp-content\/uploads\/2022\/10\/WhatsApp-Image-2022-10-11-at-15.33.42.jpeg 1600w\" sizes=\"(max-width: 1024px) 100vw, 1024px\" \/><\/figure>\n\n\n\n<p>Os profissionais do Centro Especializado em Reabilita\u00e7\u00e3o Auditiva e Intelectual \u2013 CER II, organizaram atividades para a Semana da Crian\u00e7a. Durante sete dias, os pacientes atendidos pela Funda\u00e7\u00e3o de Sa\u00fade de Santa Rosa, no CER, tiveram uma recep\u00e7\u00e3o diferenciada. A equipe multiprofissional recebeu as crian\u00e7as e adolescentes com fantasias e muita festa. Os pacientes tamb\u00e9m foram convidados a entrar na brincadeira. Teve Homem-Aranha, Batman, palha\u00e7o, fada, Minnie, bruxa, coelho e muitos outros personagens que fazem parte dos contos infantis. A alegria contagiou tamb\u00e9m os adultos que entravam no local. <\/p>\n\n\n\n<p>Cada crian\u00e7a recebeu um mimo feito pela equipe. A Fonoaudi\u00f3loga e Coordenadora do CER II, Michelli Pes, destacou que mesmo com um gesto simples, como uma fantasia, foi poss\u00edvel perceber a magia nos olhos das crian\u00e7as, \u201c\u00c9 gratificante ver as crian\u00e7as sorrindo, interagindo e se divertindo nesta semana que foi preparada com tanto carinho para elas. Precisamos ir al\u00e9m do diagn\u00f3stico e tratamento e proporcionar momentos de descontra\u00e7\u00e3o como estes\u201d. <\/p>\n\n\n\n<p>Atualmente, o Centro Especializado em Reabilita\u00e7\u00e3o Auditiva e Intelectual atende em m\u00e9dia, 490 pacientes por m\u00eas. A agricultora Luzia Andreia Venites Pooter, m\u00e3e de Guilherme Pooter Percoski de 05 anos que \u00e9 atendido no CER II, ressaltou o quanto o filho ficou encantado com a programa\u00e7\u00e3o especial, \u201cO atendimento no CER \u00e9 maravilhoso, j\u00e1 podemos ver o quanto o Guilherme tem progredido com a terapia realizada. Nesta semana, quando fomos recebidos pela equipe toda fantasiada, ele que foi de Batman tamb\u00e9m ficou encantado. Como m\u00e3e, s\u00f3 tenho que agradecer o empenho e dedica\u00e7\u00e3o destes profissionais incr\u00edveis\u201d. O CER II fica localizado na Rua Sergipe, 127, Centro \u2013 Santa Rosa.<\/p>\n","protected":false},"excerpt":{"rendered":"<p>Os profissionais do Centro Especializado em Reabilita\u00e7\u00e3o Auditiva e Intelectual \u2013 CER II, organizaram atividades&#8230;<\/p>\n","protected":false},"author":36,"featured_media":22454,"comment_status":"closed","ping_status":"closed","sticky":false,"template":"","format":"standard","meta":{"footnotes":""},"categories":[2],"tags":[],"_links":{"self":[{"href":"https:\/\/www.fumssar.com.br\/index.php?rest_route=\/wp\/v2\/posts\/22453"}],"collection":[{"href":"https:\/\/www.fumssar.com.br\/index.php?rest_route=\/wp\/v2\/posts"}],"about":[{"href":"https:\/\/www.fumssar.com.br\/index.php?rest_route=\/wp\/v2\/types\/post"}],"author":[{"embeddable":true,"href":"https:\/\/www.fumssar.com.br\/index.php?rest_route=\/wp\/v2\/users\/36"}],"replies":[{"embeddable":true,"href":"https:\/\/www.fumssar.com.br\/index.php?rest_route=%2Fwp%2Fv2%2Fcomments&post=22453"}],"version-history":[{"count":1,"href":"https:\/\/www.fumssar.com.br\/index.php?rest_route=\/wp\/v2\/posts\/22453\/revisions"}],"predecessor-version":[{"id":22455,"href":"https:\/\/www.fumssar.com.br\/index.php?rest_route=\/wp\/v2\/posts\/22453\/revisions\/22455"}],"wp:featuredmedia":[{"embeddable":true,"href":"https:\/\/www.fumssar.com.br\/index.php?rest_route=\/wp\/v2\/media\/22454"}],"wp:attachment":[{"href":"https:\/\/www.fumssar.com.br\/index.php?rest_route=%2Fwp%2Fv2%2Fmedia&parent=22453"}],"wp:term":[{"taxonomy":"category","embeddable":true,"href":"https:\/\/www.fumssar.com.br\/index.php?rest_route=%2Fwp%2Fv2%2Fcategories&post=22453"},{"taxonomy":"post_tag","embeddable":true,"href":"https:\/\/www.fumssar.com.br\/index.php?rest_route=%2Fwp%2Fv2%2Ftags&post=22453"}],"curies":[{"name":"wp","href":"https:\/\/api.w.org\/{rel}","templated":true}]}}