{"id":22432,"date":"2022-10-07T10:31:45","date_gmt":"2022-10-07T13:31:45","guid":{"rendered":"http:\/\/www.fumssar.com.br\/?p=22432"},"modified":"2024-10-07T16:33:14","modified_gmt":"2024-10-07T19:33:14","slug":"santa-rosa-tem-programacao-especial-para-o-outubro-rosa","status":"publish","type":"post","link":"https:\/\/www.fumssar.com.br\/?p=22432","title":{"rendered":"Santa Rosa tem programa\u00e7\u00e3o especial para o Outubro Rosa"},"content":{"rendered":"\n<figure class=\"wp-block-image\"><img loading=\"lazy\" decoding=\"async\" width=\"860\" height=\"645\" src=\"http:\/\/www.fumssar.com.br\/wp-content\/uploads\/2022\/10\/Formato-Site-e-Portal-860X645-JPG-63.jpg\" alt=\"\" class=\"wp-image-22433\" srcset=\"https:\/\/www.fumssar.com.br\/wp-content\/uploads\/2022\/10\/Formato-Site-e-Portal-860X645-JPG-63.jpg 860w, https:\/\/www.fumssar.com.br\/wp-content\/uploads\/2022\/10\/Formato-Site-e-Portal-860X645-JPG-63-300x225.jpg 300w, https:\/\/www.fumssar.com.br\/wp-content\/uploads\/2022\/10\/Formato-Site-e-Portal-860X645-JPG-63-768x576.jpg 768w\" sizes=\"(max-width: 860px) 100vw, 860px\" \/><\/figure>\n\n\n\n<p>A Funda\u00e7\u00e3o Municipal de Sa\u00fade de Santa Rosa iniciou nesta quinta-feira (06), a programa\u00e7\u00e3o especial voltada para a campanha Outubro Rosa. A Roda de Conversa \u201cUm toque que pode mudar sua vida\u201d, foi realizada pelas profissionais da UBS Balne\u00e1ria, com o intuito de conscientizar sobre a import\u00e2ncia do autocuidado. Durante todo o m\u00eas de outubro, as equipes das Unidades B\u00e1sicas de Sa\u00fade v\u00e3o promover diversas atividades como: palestras, rodas de conversa e confraterniza\u00e7\u00f5es. Celebrado anualmente, a a\u00e7\u00e3o do Outubro Rosa promove o compartilhamento de informa\u00e7\u00f5es sobre o c\u00e2ncer de mama e a import\u00e2ncia do diagn\u00f3stico e tratamento precoce.<\/p>\n\n\n\n<p>Al\u00e9m da preven\u00e7\u00e3o ao c\u00e2ncer de mama, as Unidades B\u00e1sicas de Sa\u00fade aproveitam a Campanha do Outubro Rosa, para trabalhar outras \u00e1reas de aten\u00e7\u00e3o \u00e0 Sa\u00fade da Mulher, como o Papanicolau. O exame \u00e9 indicado para prevenir o c\u00e2ncer de colo de \u00fatero e deve ser feito anualmente por mulheres de qualquer idade, a partir do in\u00edcio da atividade sexual. A Diretora da Aten\u00e7\u00e3o B\u00e1sica da FUMSSAR, Dra. Fabiana Breitenbach, destaca que a programa\u00e7\u00e3o \u00e9 muito importante, pois leva conhecimento para as mulheres de Santa Rosa, \u201cA preven\u00e7\u00e3o e o diagn\u00f3stico precoce s\u00e3o os principais aliados das mulheres diante do c\u00e2ncer de mama e do c\u00e2ncer de colo de \u00fatero. Esta \u00e9 uma oportunidade que temos para ampliarmos essas informa\u00e7\u00f5es e facilitarmos o acesso das pacientes aos exames necess\u00e1rios\u201d.<\/p>\n\n\n\n<p><strong>Confira abaixo, a programa\u00e7\u00e3o das UBS\u2019s:<\/strong><\/p>\n\n\n\n<p><strong><em>14\/10 \u00e0s 14h \u2013 Roda de Conversa: Sa\u00fade Feminina<\/em><\/strong><\/p>\n\n\n\n<p>Local: Sal\u00e3o da Igreja Evang\u00e9lica de Bela Uni\u00e3o<\/p>\n\n\n\n<p>Palestrantes: Sabrina R. Machado Servat Luiz Fernando N. Martins<\/p>\n\n\n\n<p>Realiza\u00e7\u00e3o: UBS Bela Uni\u00e3o<\/p>\n\n\n\n<p><strong><em>19\/10 \u00e0s 14h \u2013 Tarde das Poderosas<\/em><\/strong><\/p>\n\n\n\n<p>Local: Sal\u00e3o da Comunidade Nossa Senhora do Ros\u00e1rio<\/p>\n\n\n\n<p>Palestrantes: Psic\u00f3loga: Maria Cristina Enfermeira: Maria Benilde<\/p>\n\n\n\n<p>Realiza\u00e7\u00e3o: UBS Beatriz Oliveira<\/p>\n\n\n\n<p><strong><em>19\/10 \u00e0s 14h \u2013 Abrace esta causa: cuide-se<\/em><\/strong><\/p>\n\n\n\n<p>Local: Associa\u00e7\u00e3o de moradores da Jardim Petr\u00f3polis<\/p>\n\n\n\n<p>Palestrantes: Dr. Roberto Mancebo Garzon Enfermeira Rubia Carvalho<\/p>\n\n\n\n<p>Realiza\u00e7\u00e3o: UBS Jardim Petr\u00f3polis<\/p>\n\n\n\n<p><strong><em>19\/10 \u00e0s 14h \u2013 C\u00e2ncer de Mama e Cuidados<\/em><\/strong><\/p>\n\n\n\n<p>Local: Sal\u00e3o Comunit\u00e1rio Guia Lopes<\/p>\n\n\n\n<p>Palestrante: Dr\u00aa Analu\u00edza Savaris (Mastologista)<\/p>\n\n\n\n<p>Realiza\u00e7\u00e3o: UBS Guia L\u00f3pes<\/p>\n\n\n\n<p><strong><em>20\/10 \u00e0s 14h \u2013 Preven\u00e7\u00e3o &amp; Sa\u00fade da Mulher<\/em><\/strong><\/p>\n\n\n\n<p>Local: Associa\u00e7\u00e3o De Moradores Do Bairro Sulina<\/p>\n\n\n\n<p>Palestrante: Dr\u00aa Kattiuce Bataglin Gon\u00e7alves (Mastologista)<\/p>\n\n\n\n<p>Realiza\u00e7\u00e3o: UBS Sulina<\/p>\n\n\n\n<p><strong><em>20\/10 \u00e0s 14h \u2013 Oficina Terap\u00eautica dos grupos Esperan\u00e7a e Faxinal<\/em><\/strong><\/p>\n\n\n\n<p>Local: Sal\u00e3o da Comunidade da Linha Faxinal<\/p>\n\n\n\n<p>Palestrantes: Dr\u00aa Laura; Enfermeira Carla e Acad\u00eamica Jenifer<\/p>\n\n\n\n<p>Realiza\u00e7\u00e3o: UBS Esperan\u00e7a<\/p>\n\n\n\n<p><strong><em>20\/10 \u00e0s 14h \u2013 Sa\u00fade da Mulher<\/em><\/strong><\/p>\n\n\n\n<p>Local: Clube de M\u00e3es\/Ibanes<\/p>\n\n\n\n<p>Palestrante: Dra. Edileia<\/p>\n\n\n\n<p>Realiza\u00e7\u00e3o: UBS Cruzeiro do Sul<\/p>\n\n\n\n<p><strong><em>20\/10 \u00e0s 13h30min \u2013 Sa\u00fade da Mulher: a import\u00e2ncia do autocuidado<\/em><\/strong><\/p>\n\n\n\n<p>Local: UBS Agr\u00edcola<\/p>\n\n\n\n<p>Palestrante: Cl\u00e1udia Wizniewski<\/p>\n\n\n\n<p>Realiza\u00e7\u00e3o: UBS Agr\u00edcola<\/p>\n\n\n\n<p><strong><em>25\/10 \u00e0s 14h \u2013 Um toque que salva<\/em><\/strong><\/p>\n\n\n\n<p>Local: Sal\u00e3o da Associa\u00e7\u00e3o de Moradores da Timba\u00fava<\/p>\n\n\n\n<p>Palestrante: Enfermeira Tanara Schmidt<\/p>\n\n\n\n<p>Realiza\u00e7\u00e3o: UBS Timba\u00fava<\/p>\n\n\n\n<p><strong><em>26\/10 \u00e0s 14h \u2013 Climat\u00e9rio e Menopausa<\/em><\/strong><\/p>\n\n\n\n<p>Local: Pr\u00e9dio da Pra\u00e7a da Timba\u00fava<\/p>\n\n\n\n<p>Palestrante Dr\u00aa Tatiane Perius Zabolotsky<\/p>\n\n\n\n<p>Realiza\u00e7\u00e3o: UBS Timba\u00fava<\/p>\n\n\n\n<p><strong><em>26\/10 \u00e0s 14h \u2013 C\u00e2ncer de Mama<\/em><\/strong><\/p>\n\n\n\n<p>Local: Sal\u00e3o da comunidade S\u00e3o Francisco<\/p>\n\n\n\n<p>Palestrante: Enfermeira Camila Lehr<\/p>\n\n\n\n<p>Realiza\u00e7\u00e3o: UBS Esperan\u00e7a<\/p>\n\n\n\n<p><strong><em>11\/11 \u00e0s 14h30min \u2013 C\u00e2ncer: O que precisamos saber?<\/em><\/strong><\/p>\n\n\n\n<p>Local: Sal\u00e3o Paroquial de Cruzeiro<\/p>\n\n\n\n<p>Palestrantes Dr\u00aa. Patr\u00edcia Marks \u2013 Oncologista e Marli Kronbauer \u2013 Enfermeira<\/p>\n\n\n\n<p>Realiza\u00e7\u00e3o: UBS\u2019s Cruzeiro, Cruzeiro do Sul, J\u00falio de Oliveira e Pereira<\/p>\n\n\n\n<p><\/p>\n\n\n\n<ul class=\"wp-block-gallery columns-3 is-cropped wp-block-gallery-1 is-layout-flex wp-block-gallery-is-layout-flex\"><li class=\"blocks-gallery-item\"><figure><img loading=\"lazy\" decoding=\"async\" width=\"1024\" height=\"768\" src=\"http:\/\/www.fumssar.com.br\/wp-content\/uploads\/2022\/10\/20221006_142239-1024x768.jpg\" alt=\"\" data-id=\"22434\" data-link=\"http:\/\/www.fumssar.com.br\/?attachment_id=22434\" class=\"wp-image-22434\" srcset=\"https:\/\/www.fumssar.com.br\/wp-content\/uploads\/2022\/10\/20221006_142239-1024x768.jpg 1024w, https:\/\/www.fumssar.com.br\/wp-content\/uploads\/2022\/10\/20221006_142239-300x225.jpg 300w, https:\/\/www.fumssar.com.br\/wp-content\/uploads\/2022\/10\/20221006_142239-768x576.jpg 768w\" sizes=\"(max-width: 1024px) 100vw, 1024px\" \/><\/figure><\/li><li class=\"blocks-gallery-item\"><figure><img loading=\"lazy\" decoding=\"async\" width=\"1024\" height=\"768\" src=\"http:\/\/www.fumssar.com.br\/wp-content\/uploads\/2022\/10\/20221006_142250-1024x768.jpg\" alt=\"\" data-id=\"22435\" data-link=\"http:\/\/www.fumssar.com.br\/?attachment_id=22435\" class=\"wp-image-22435\" srcset=\"https:\/\/www.fumssar.com.br\/wp-content\/uploads\/2022\/10\/20221006_142250-1024x768.jpg 1024w, https:\/\/www.fumssar.com.br\/wp-content\/uploads\/2022\/10\/20221006_142250-300x225.jpg 300w, https:\/\/www.fumssar.com.br\/wp-content\/uploads\/2022\/10\/20221006_142250-768x576.jpg 768w\" sizes=\"(max-width: 1024px) 100vw, 1024px\" \/><\/figure><\/li><li class=\"blocks-gallery-item\"><figure><img loading=\"lazy\" decoding=\"async\" width=\"1024\" height=\"768\" src=\"http:\/\/www.fumssar.com.br\/wp-content\/uploads\/2022\/10\/20221006_144239-1024x768.jpg\" alt=\"\" data-id=\"22436\" data-link=\"http:\/\/www.fumssar.com.br\/?attachment_id=22436\" class=\"wp-image-22436\" srcset=\"https:\/\/www.fumssar.com.br\/wp-content\/uploads\/2022\/10\/20221006_144239-1024x768.jpg 1024w, https:\/\/www.fumssar.com.br\/wp-content\/uploads\/2022\/10\/20221006_144239-300x225.jpg 300w, https:\/\/www.fumssar.com.br\/wp-content\/uploads\/2022\/10\/20221006_144239-768x576.jpg 768w\" sizes=\"(max-width: 1024px) 100vw, 1024px\" \/><\/figure><\/li><li class=\"blocks-gallery-item\"><figure><img loading=\"lazy\" decoding=\"async\" width=\"1024\" height=\"768\" src=\"http:\/\/www.fumssar.com.br\/wp-content\/uploads\/2022\/10\/20221006_141109-1024x768.jpg\" alt=\"\" data-id=\"22437\" data-link=\"http:\/\/www.fumssar.com.br\/?attachment_id=22437\" class=\"wp-image-22437\" srcset=\"https:\/\/www.fumssar.com.br\/wp-content\/uploads\/2022\/10\/20221006_141109-1024x768.jpg 1024w, https:\/\/www.fumssar.com.br\/wp-content\/uploads\/2022\/10\/20221006_141109-300x225.jpg 300w, https:\/\/www.fumssar.com.br\/wp-content\/uploads\/2022\/10\/20221006_141109-768x576.jpg 768w\" sizes=\"(max-width: 1024px) 100vw, 1024px\" \/><\/figure><\/li><\/ul>\n","protected":false},"excerpt":{"rendered":"<p>A Funda\u00e7\u00e3o Municipal de Sa\u00fade de Santa Rosa iniciou nesta quinta-feira (06), a programa\u00e7\u00e3o especial&#8230;<\/p>\n","protected":false},"author":36,"featured_media":22438,"comment_status":"closed","ping_status":"closed","sticky":false,"template":"","format":"standard","meta":{"footnotes":""},"categories":[2],"tags":[],"_links":{"self":[{"href":"https:\/\/www.fumssar.com.br\/index.php?rest_route=\/wp\/v2\/posts\/22432"}],"collection":[{"href":"https:\/\/www.fumssar.com.br\/index.php?rest_route=\/wp\/v2\/posts"}],"about":[{"href":"https:\/\/www.fumssar.com.br\/index.php?rest_route=\/wp\/v2\/types\/post"}],"author":[{"embeddable":true,"href":"https:\/\/www.fumssar.com.br\/index.php?rest_route=\/wp\/v2\/users\/36"}],"replies":[{"embeddable":true,"href":"https:\/\/www.fumssar.com.br\/index.php?rest_route=%2Fwp%2Fv2%2Fcomments&post=22432"}],"version-history":[{"count":1,"href":"https:\/\/www.fumssar.com.br\/index.php?rest_route=\/wp\/v2\/posts\/22432\/revisions"}],"predecessor-version":[{"id":22439,"href":"https:\/\/www.fumssar.com.br\/index.php?rest_route=\/wp\/v2\/posts\/22432\/revisions\/22439"}],"wp:featuredmedia":[{"embeddable":true,"href":"https:\/\/www.fumssar.com.br\/index.php?rest_route=\/wp\/v2\/media\/22438"}],"wp:attachment":[{"href":"https:\/\/www.fumssar.com.br\/index.php?rest_route=%2Fwp%2Fv2%2Fmedia&parent=22432"}],"wp:term":[{"taxonomy":"category","embeddable":true,"href":"https:\/\/www.fumssar.com.br\/index.php?rest_route=%2Fwp%2Fv2%2Fcategories&post=22432"},{"taxonomy":"post_tag","embeddable":true,"href":"https:\/\/www.fumssar.com.br\/index.php?rest_route=%2Fwp%2Fv2%2Ftags&post=22432"}],"curies":[{"name":"wp","href":"https:\/\/api.w.org\/{rel}","templated":true}]}}