{"id":22428,"date":"2022-10-05T10:11:41","date_gmt":"2022-10-05T13:11:41","guid":{"rendered":"http:\/\/www.fumssar.com.br\/?p=22428"},"modified":"2024-10-07T16:33:14","modified_gmt":"2024-10-07T19:33:14","slug":"fumssar-amplia-o-atendimento-na-unidade-avancada-do-lajeado-manchinha","status":"publish","type":"post","link":"https:\/\/www.fumssar.com.br\/?p=22428","title":{"rendered":"FUMSSAR amplia o atendimento na Unidade Avan\u00e7ada do Lajeado Manchinha"},"content":{"rendered":"\n<figure class=\"wp-block-image\"><img loading=\"lazy\" decoding=\"async\" width=\"860\" height=\"645\" src=\"http:\/\/www.fumssar.com.br\/wp-content\/uploads\/2022\/10\/Manchinha-12.jpg\" alt=\"\" class=\"wp-image-22429\" srcset=\"https:\/\/www.fumssar.com.br\/wp-content\/uploads\/2022\/10\/Manchinha-12.jpg 860w, https:\/\/www.fumssar.com.br\/wp-content\/uploads\/2022\/10\/Manchinha-12-300x225.jpg 300w, https:\/\/www.fumssar.com.br\/wp-content\/uploads\/2022\/10\/Manchinha-12-768x576.jpg 768w\" sizes=\"(max-width: 860px) 100vw, 860px\" \/><\/figure>\n\n\n\n<p>A Funda\u00e7\u00e3o Municipal de Sa\u00fade de Santa Rosa ampliou o atendimento na Unidade Avan\u00e7ada do Lajeado Manchinha. A novidade foi apresentada nesta semana, em uma reuni\u00e3o com os moradores da localidade. A partir de agora, os servi\u00e7os de sa\u00fade v\u00e3o poder ser acessados nas segundas, ter\u00e7as, quintas e sextas-feiras de manh\u00e3, das 07h30min \u00e0s 11h30min.<\/p>\n\n\n\n<p>A Unidade Avan\u00e7ada do Lajeado Manchinha integra a Unidade B\u00e1sica de Sa\u00fade Timba\u00fava, respons\u00e1vel por prestar o atendimento no local. At\u00e9 setembro, foram realizadas mais de 1.300 consultas para os 833 usu\u00e1rios cadastrados na unidade. O Presidente da FUMSSAR, D\u00e9lcio Stefan, junto com os diretores da Funda\u00e7\u00e3o de Sa\u00fade e da equipe da UBS, deram a boa not\u00edcia para a comunidade, \u201cEstamos atendendo um pedido dos moradores da Manchinha. Esta amplia\u00e7\u00e3o no servi\u00e7o, com certeza vai melhorar a qualidade de vida e proporcionar o cuidado integral da popula\u00e7\u00e3o\u201d. A Unidade Avan\u00e7ada do Lajeado Manchinha fica localizada na Esquina Manchinha, S\/N, Santa Rosa. Os telefones para contato s\u00e3o: (55) 3513-5186 ou 99639-3865.<\/p>\n","protected":false},"excerpt":{"rendered":"<p>A Funda\u00e7\u00e3o Municipal de Sa\u00fade de Santa Rosa ampliou o atendimento na Unidade Avan\u00e7ada do&#8230;<\/p>\n","protected":false},"author":36,"featured_media":22430,"comment_status":"closed","ping_status":"closed","sticky":false,"template":"","format":"standard","meta":{"footnotes":""},"categories":[2],"tags":[],"_links":{"self":[{"href":"https:\/\/www.fumssar.com.br\/index.php?rest_route=\/wp\/v2\/posts\/22428"}],"collection":[{"href":"https:\/\/www.fumssar.com.br\/index.php?rest_route=\/wp\/v2\/posts"}],"about":[{"href":"https:\/\/www.fumssar.com.br\/index.php?rest_route=\/wp\/v2\/types\/post"}],"author":[{"embeddable":true,"href":"https:\/\/www.fumssar.com.br\/index.php?rest_route=\/wp\/v2\/users\/36"}],"replies":[{"embeddable":true,"href":"https:\/\/www.fumssar.com.br\/index.php?rest_route=%2Fwp%2Fv2%2Fcomments&post=22428"}],"version-history":[{"count":1,"href":"https:\/\/www.fumssar.com.br\/index.php?rest_route=\/wp\/v2\/posts\/22428\/revisions"}],"predecessor-version":[{"id":22431,"href":"https:\/\/www.fumssar.com.br\/index.php?rest_route=\/wp\/v2\/posts\/22428\/revisions\/22431"}],"wp:featuredmedia":[{"embeddable":true,"href":"https:\/\/www.fumssar.com.br\/index.php?rest_route=\/wp\/v2\/media\/22430"}],"wp:attachment":[{"href":"https:\/\/www.fumssar.com.br\/index.php?rest_route=%2Fwp%2Fv2%2Fmedia&parent=22428"}],"wp:term":[{"taxonomy":"category","embeddable":true,"href":"https:\/\/www.fumssar.com.br\/index.php?rest_route=%2Fwp%2Fv2%2Fcategories&post=22428"},{"taxonomy":"post_tag","embeddable":true,"href":"https:\/\/www.fumssar.com.br\/index.php?rest_route=%2Fwp%2Fv2%2Ftags&post=22428"}],"curies":[{"name":"wp","href":"https:\/\/api.w.org\/{rel}","templated":true}]}}