{"id":2226,"date":"2014-08-14T13:55:10","date_gmt":"2014-08-14T13:55:10","guid":{"rendered":"http:\/\/www.fumssar.com.br\/?p=2226"},"modified":"2024-10-07T16:36:17","modified_gmt":"2024-10-07T19:36:17","slug":"fumssar-lamenta-acoes-de-vandalos","status":"publish","type":"post","link":"https:\/\/www.fumssar.com.br\/?p=2226","title":{"rendered":"FUMSSAR lamenta a\u00e7\u00f5es de v\u00e2ndalos"},"content":{"rendered":"<p>A dire\u00e7\u00e3o da Funda\u00e7\u00e3o Municipal de Sa\u00fade est\u00e1 preocupada com as frequentes a\u00e7\u00f5es de v\u00e2ndalos em pr\u00e9dios da institui\u00e7\u00e3o. Aldair Melchior diretor de gest\u00e3o administrativa destaca que as academias de Sa\u00fade em alguns bairros est\u00e3o sendo depredadas no caso da Vila Esperan\u00e7a a sala que comp\u00f5e o conjunto foi arrombada tendo vidros quebrados e furtos de objetos. Em outros casos picha\u00e7\u00f5es s\u00e3o as a\u00e7\u00f5es mais utilizadas pelos depredadores. O caso mais recente ocorreu na noite de quarta-feira (13), na Unidade de Sa\u00fade Jardim Petr\u00f3polis onde um banco foi quebrado e l\u00e2mpadas furtadas. Ari Antunes coordenador da unidade lamenta a a\u00e7\u00e3o destacando que o banco que foi depredado foi uma reivindica\u00e7\u00e3o da pr\u00f3pria comunidade e h\u00e1 poucos dias foram instalados no local para os usu\u00e1rios, e j\u00e1 sofreram a\u00e7\u00f5es de depreda\u00e7\u00e3o. Recentemente uma pedra de tamanho expressivo foi jogada em uma das vidra\u00e7as do Hemocentro, destruindo a\u00a0 janela. A dire\u00e7\u00e3o da FUMSSAR lamenta estas a\u00e7\u00f5es que\u00a0 causam danos aos cofres p\u00fablicos.<\/p>\n<p><a href=\"http:\/\/www.fumssar.com.br\/wp-content\/uploads\/2014\/08\/vandalos-2.jpg\"><img loading=\"lazy\" decoding=\"async\" class=\"alignnone size-medium wp-image-2228\" alt=\"vandalos 2\" src=\"http:\/\/www.fumssar.com.br\/wp-content\/uploads\/2014\/08\/vandalos-2-300x225.jpg\" width=\"300\" height=\"225\" srcset=\"https:\/\/www.fumssar.com.br\/wp-content\/uploads\/2014\/08\/vandalos-2-300x225.jpg 300w, https:\/\/www.fumssar.com.br\/wp-content\/uploads\/2014\/08\/vandalos-2.jpg 640w\" sizes=\"(max-width: 300px) 100vw, 300px\" \/><\/a><a href=\"http:\/\/www.fumssar.com.br\/wp-content\/uploads\/2014\/08\/vandalos-3.jpg\"><img loading=\"lazy\" decoding=\"async\" class=\"alignnone size-medium wp-image-2229\" alt=\"vandalos 3\" src=\"http:\/\/www.fumssar.com.br\/wp-content\/uploads\/2014\/08\/vandalos-3-300x225.jpg\" width=\"300\" height=\"225\" srcset=\"https:\/\/www.fumssar.com.br\/wp-content\/uploads\/2014\/08\/vandalos-3-300x225.jpg 300w, https:\/\/www.fumssar.com.br\/wp-content\/uploads\/2014\/08\/vandalos-3.jpg 640w\" sizes=\"(max-width: 300px) 100vw, 300px\" \/><\/a><\/p>\n","protected":false},"excerpt":{"rendered":"<p>A dire\u00e7\u00e3o da Funda\u00e7\u00e3o Municipal de Sa\u00fade est\u00e1 preocupada com as frequentes a\u00e7\u00f5es de v\u00e2ndalos&#8230;<\/p>\n","protected":false},"author":11,"featured_media":2227,"comment_status":"open","ping_status":"open","sticky":false,"template":"","format":"standard","meta":{"footnotes":""},"categories":[2],"tags":[],"_links":{"self":[{"href":"https:\/\/www.fumssar.com.br\/index.php?rest_route=\/wp\/v2\/posts\/2226"}],"collection":[{"href":"https:\/\/www.fumssar.com.br\/index.php?rest_route=\/wp\/v2\/posts"}],"about":[{"href":"https:\/\/www.fumssar.com.br\/index.php?rest_route=\/wp\/v2\/types\/post"}],"author":[{"embeddable":true,"href":"https:\/\/www.fumssar.com.br\/index.php?rest_route=\/wp\/v2\/users\/11"}],"replies":[{"embeddable":true,"href":"https:\/\/www.fumssar.com.br\/index.php?rest_route=%2Fwp%2Fv2%2Fcomments&post=2226"}],"version-history":[{"count":2,"href":"https:\/\/www.fumssar.com.br\/index.php?rest_route=\/wp\/v2\/posts\/2226\/revisions"}],"predecessor-version":[{"id":2231,"href":"https:\/\/www.fumssar.com.br\/index.php?rest_route=\/wp\/v2\/posts\/2226\/revisions\/2231"}],"wp:featuredmedia":[{"embeddable":true,"href":"https:\/\/www.fumssar.com.br\/index.php?rest_route=\/wp\/v2\/media\/2227"}],"wp:attachment":[{"href":"https:\/\/www.fumssar.com.br\/index.php?rest_route=%2Fwp%2Fv2%2Fmedia&parent=2226"}],"wp:term":[{"taxonomy":"category","embeddable":true,"href":"https:\/\/www.fumssar.com.br\/index.php?rest_route=%2Fwp%2Fv2%2Fcategories&post=2226"},{"taxonomy":"post_tag","embeddable":true,"href":"https:\/\/www.fumssar.com.br\/index.php?rest_route=%2Fwp%2Fv2%2Ftags&post=2226"}],"curies":[{"name":"wp","href":"https:\/\/api.w.org\/{rel}","templated":true}]}}