{"id":2216,"date":"2014-08-13T18:03:16","date_gmt":"2014-08-13T18:03:16","guid":{"rendered":"http:\/\/www.fumssar.com.br\/?p=2216"},"modified":"2024-10-07T16:36:17","modified_gmt":"2024-10-07T19:36:17","slug":"fumssar-lanca-projeto-rede-psicoativa","status":"publish","type":"post","link":"https:\/\/www.fumssar.com.br\/?p=2216","title":{"rendered":"FUMSSAR Lan\u00e7a Projeto Rede Psicoativa"},"content":{"rendered":"<p><a href=\"http:\/\/www.fumssar.com.br\/wp-content\/uploads\/2014\/08\/caps-auditorio-12.jpg\"><img loading=\"lazy\" decoding=\"async\" class=\"alignnone size-medium wp-image-2222\" alt=\"caps auditorio 1\" src=\"http:\/\/www.fumssar.com.br\/wp-content\/uploads\/2014\/08\/caps-auditorio-12-300x225.jpg\" width=\"300\" height=\"225\" srcset=\"https:\/\/www.fumssar.com.br\/wp-content\/uploads\/2014\/08\/caps-auditorio-12-300x225.jpg 300w, https:\/\/www.fumssar.com.br\/wp-content\/uploads\/2014\/08\/caps-auditorio-12.jpg 640w\" sizes=\"(max-width: 300px) 100vw, 300px\" \/><\/a><a href=\"http:\/\/www.fumssar.com.br\/wp-content\/uploads\/2014\/08\/caps-auditorio2.jpg\"><img loading=\"lazy\" decoding=\"async\" class=\"alignnone size-medium wp-image-2223\" alt=\"caps auditorio2\" src=\"http:\/\/www.fumssar.com.br\/wp-content\/uploads\/2014\/08\/caps-auditorio2-300x225.jpg\" width=\"300\" height=\"225\" srcset=\"https:\/\/www.fumssar.com.br\/wp-content\/uploads\/2014\/08\/caps-auditorio2-300x225.jpg 300w, https:\/\/www.fumssar.com.br\/wp-content\/uploads\/2014\/08\/caps-auditorio2.jpg 640w\" sizes=\"(max-width: 300px) 100vw, 300px\" \/><\/a>Lan\u00e7ado no \u00faltimo dia (7) o Projeto \u201cRede Psicoativa\u201d pela Funda\u00e7\u00e3o Municipal de Sa\u00fade de Santa Rosa, contando com a parceria da Secretaria Municipal de Educa\u00e7\u00e3o. O projeto tem como objetivo\u00a0 abordar em uma primeira etapa em cinco escolas da rede municipal temas relacionados\u00a0 sobre o uso de subst\u00e2ncias psicoativas, l\u00edcitas e il\u00edcitas. No momento do lan\u00e7amento\u00a0 do projeto profissionais dos CAPS AD e CAPS II, realizaram uma capacita\u00e7\u00e3o para educadores dos educand\u00e1rios envolvidos no projeto. A m\u00e9dica do CAPS AD Fabiana Breitenbach ressalta que o \u00e9 preciso atuar de modo efetivo\u00a0 e com a\u00e7\u00f5es individualizadas para cada comunidade escolar. Ela destaca ainda que o trabalho dos profissionais\u00a0 visa atender jovens que iniciam\u00a0 o uso muito precocemente, na faixa et\u00e1ria dos 11 a 12 anos, consumindo \u00e1lcool, cigarro, maconha crack entre outros e, \u00e9 nesta faixa\u00a0 que\u00a0 deve haver uma atua\u00e7\u00e3o preventiva. \u201cO uso destas subst\u00e2ncias por parte dos familiares acaba baixando a autoestima \u00a0e consequentemente\u00a0 acaba faltando v\u00ednculos sadios\u201d salienta Fabiana. Ela frisa ainda que a participa\u00e7\u00e3o dos educadores e dos pais \u00e9 fundamental para a cria\u00e7\u00e3o destes v\u00ednculos para que eles sejam suficientemente protetores. O Presidente da FUMSSAR Dr. Lu\u00eds Ant\u00f4nio Benvegn\u00fa salienta o empenho de todos\u00a0 na constru\u00e7\u00e3o deste projeto\u00a0 que traz uma abordagem inovadora\u00a0 ressaltando a parceria\u00a0 com a secretaria de educa\u00e7\u00e3o que aderiu o projeto tornando um envolvimento\u00a0 m\u00fatuo na quest\u00e3o abordada no uso de subst\u00e2ncias psicoativas. \u201c A causa \u00e9 nobre e merece uma aten\u00e7\u00e3o muito dedicada pois, este trabalho de base vai dar resultados futuros. Destacou o presidente.<\/p>\n","protected":false},"excerpt":{"rendered":"<p>Lan\u00e7ado no \u00faltimo dia (7) o Projeto \u201cRede Psicoativa\u201d pela Funda\u00e7\u00e3o Municipal de Sa\u00fade de&#8230;<\/p>\n","protected":false},"author":11,"featured_media":2218,"comment_status":"open","ping_status":"open","sticky":false,"template":"","format":"standard","meta":{"footnotes":""},"categories":[2,1],"tags":[],"_links":{"self":[{"href":"https:\/\/www.fumssar.com.br\/index.php?rest_route=\/wp\/v2\/posts\/2216"}],"collection":[{"href":"https:\/\/www.fumssar.com.br\/index.php?rest_route=\/wp\/v2\/posts"}],"about":[{"href":"https:\/\/www.fumssar.com.br\/index.php?rest_route=\/wp\/v2\/types\/post"}],"author":[{"embeddable":true,"href":"https:\/\/www.fumssar.com.br\/index.php?rest_route=\/wp\/v2\/users\/11"}],"replies":[{"embeddable":true,"href":"https:\/\/www.fumssar.com.br\/index.php?rest_route=%2Fwp%2Fv2%2Fcomments&post=2216"}],"version-history":[{"count":2,"href":"https:\/\/www.fumssar.com.br\/index.php?rest_route=\/wp\/v2\/posts\/2216\/revisions"}],"predecessor-version":[{"id":2224,"href":"https:\/\/www.fumssar.com.br\/index.php?rest_route=\/wp\/v2\/posts\/2216\/revisions\/2224"}],"wp:featuredmedia":[{"embeddable":true,"href":"https:\/\/www.fumssar.com.br\/index.php?rest_route=\/wp\/v2\/media\/2218"}],"wp:attachment":[{"href":"https:\/\/www.fumssar.com.br\/index.php?rest_route=%2Fwp%2Fv2%2Fmedia&parent=2216"}],"wp:term":[{"taxonomy":"category","embeddable":true,"href":"https:\/\/www.fumssar.com.br\/index.php?rest_route=%2Fwp%2Fv2%2Fcategories&post=2216"},{"taxonomy":"post_tag","embeddable":true,"href":"https:\/\/www.fumssar.com.br\/index.php?rest_route=%2Fwp%2Fv2%2Ftags&post=2216"}],"curies":[{"name":"wp","href":"https:\/\/api.w.org\/{rel}","templated":true}]}}