{"id":2199,"date":"2014-08-11T18:39:30","date_gmt":"2014-08-11T18:39:30","guid":{"rendered":"http:\/\/www.fumssar.com.br\/?p=2199"},"modified":"2024-10-07T16:36:17","modified_gmt":"2024-10-07T19:36:17","slug":"fumssar-participou-de-atividades-no-parcao","status":"publish","type":"post","link":"https:\/\/www.fumssar.com.br\/?p=2199","title":{"rendered":"FUMSSAR participou  de atividades no Parc\u00e3o"},"content":{"rendered":"<p>A Funda\u00e7\u00e3o Municipal de Sa\u00fade de Santa Rosa- FUMSSAR,esteve presente no evento realizado no Parc\u00e3o neste domingo com diversas a\u00e7\u00f5es. A equipe da Vigil\u00e2ncia Sanit\u00e1ria demonstrou \u00e0 comunidade um trabalho de reutiliza\u00e7\u00e3o de pneus usados com muita criatividade, a fim de evitar a prolifera\u00e7\u00e3o do mosquito da Dengue e, tamb\u00e9m como uma forma de embelezamento de pra\u00e7as e jardins. Equipes de sa\u00fade prestaram servi\u00e7os e \u00a0orienta\u00e7\u00f5es no estande da FUMSSAR,com enfermeiros,t\u00e9cnicos e outros profissionais de sa\u00fade. Uma ambul\u00e2ncia foi colocada \u00e0 disposi\u00e7\u00e3o do evento com equipe qualificada se necess\u00e1rio fosse algum atendimento de emerg\u00eancia. O Presidente da Funda\u00e7\u00e3o Dr. Luis Ant\u00f4nio Benvegn\u00fa comemorou o sucesse do evento que marcou a passagem dos 83 anos de emancipa\u00e7\u00e3o pol\u00edtica destacando que a sa\u00fade deve estar presente em toda a comunidade. \u201cNossa participa\u00e7\u00e3o\u00a0 \u00a0reafirma o compromisso com a sa\u00fade da comunidade que a institui\u00e7\u00e3o tem\u201d ressaltou Benvegn\u00fa.<a href=\"http:\/\/www.fumssar.com.br\/wp-content\/uploads\/2014\/08\/parc\u00e3o-1.jpg\"><img loading=\"lazy\" decoding=\"async\" class=\"alignnone size-medium wp-image-2201\" alt=\"parc\u00e3o 1\" src=\"http:\/\/www.fumssar.com.br\/wp-content\/uploads\/2014\/08\/parc\u00e3o-1-300x225.jpg\" width=\"300\" height=\"225\" srcset=\"https:\/\/www.fumssar.com.br\/wp-content\/uploads\/2014\/08\/parc\u00e3o-1-300x225.jpg 300w, https:\/\/www.fumssar.com.br\/wp-content\/uploads\/2014\/08\/parc\u00e3o-1.jpg 640w\" sizes=\"(max-width: 300px) 100vw, 300px\" \/><\/a><a href=\"http:\/\/www.fumssar.com.br\/wp-content\/uploads\/2014\/08\/parc\u00e30-3.jpg\"><img loading=\"lazy\" decoding=\"async\" class=\"alignnone size-medium wp-image-2202\" alt=\"parc\u00e30 3\" src=\"http:\/\/www.fumssar.com.br\/wp-content\/uploads\/2014\/08\/parc\u00e30-3-300x224.jpg\" width=\"300\" height=\"224\" srcset=\"https:\/\/www.fumssar.com.br\/wp-content\/uploads\/2014\/08\/parc\u00e30-3-300x224.jpg 300w, https:\/\/www.fumssar.com.br\/wp-content\/uploads\/2014\/08\/parc\u00e30-3.jpg 448w\" sizes=\"(max-width: 300px) 100vw, 300px\" \/><\/a><\/p>\n","protected":false},"excerpt":{"rendered":"<p>A Funda\u00e7\u00e3o Municipal de Sa\u00fade de Santa Rosa- FUMSSAR,esteve presente no evento realizado no Parc\u00e3o&#8230;<\/p>\n","protected":false},"author":11,"featured_media":2200,"comment_status":"open","ping_status":"open","sticky":false,"template":"","format":"standard","meta":{"footnotes":""},"categories":[2],"tags":[],"_links":{"self":[{"href":"https:\/\/www.fumssar.com.br\/index.php?rest_route=\/wp\/v2\/posts\/2199"}],"collection":[{"href":"https:\/\/www.fumssar.com.br\/index.php?rest_route=\/wp\/v2\/posts"}],"about":[{"href":"https:\/\/www.fumssar.com.br\/index.php?rest_route=\/wp\/v2\/types\/post"}],"author":[{"embeddable":true,"href":"https:\/\/www.fumssar.com.br\/index.php?rest_route=\/wp\/v2\/users\/11"}],"replies":[{"embeddable":true,"href":"https:\/\/www.fumssar.com.br\/index.php?rest_route=%2Fwp%2Fv2%2Fcomments&post=2199"}],"version-history":[{"count":1,"href":"https:\/\/www.fumssar.com.br\/index.php?rest_route=\/wp\/v2\/posts\/2199\/revisions"}],"predecessor-version":[{"id":2203,"href":"https:\/\/www.fumssar.com.br\/index.php?rest_route=\/wp\/v2\/posts\/2199\/revisions\/2203"}],"wp:featuredmedia":[{"embeddable":true,"href":"https:\/\/www.fumssar.com.br\/index.php?rest_route=\/wp\/v2\/media\/2200"}],"wp:attachment":[{"href":"https:\/\/www.fumssar.com.br\/index.php?rest_route=%2Fwp%2Fv2%2Fmedia&parent=2199"}],"wp:term":[{"taxonomy":"category","embeddable":true,"href":"https:\/\/www.fumssar.com.br\/index.php?rest_route=%2Fwp%2Fv2%2Fcategories&post=2199"},{"taxonomy":"post_tag","embeddable":true,"href":"https:\/\/www.fumssar.com.br\/index.php?rest_route=%2Fwp%2Fv2%2Ftags&post=2199"}],"curies":[{"name":"wp","href":"https:\/\/api.w.org\/{rel}","templated":true}]}}