{"id":2193,"date":"2014-08-11T18:25:25","date_gmt":"2014-08-11T18:25:25","guid":{"rendered":"http:\/\/www.fumssar.com.br\/?p=2193"},"modified":"2024-10-07T16:36:17","modified_gmt":"2024-10-07T19:36:17","slug":"santa-rosa-tem-politica-de-saude-para-a-raca-negra","status":"publish","type":"post","link":"https:\/\/www.fumssar.com.br\/?p=2193","title":{"rendered":"Santa Rosa tem pol\u00edtica de sa\u00fade  afrodescendentes"},"content":{"rendered":"<p>O munic\u00edpio de Santa Rosa atrav\u00e9s da\u00a0 Funda\u00e7\u00e3o Municipal de Sa\u00fade est\u00e1 capacitado para atender\u00a0 pacientes\u00a0 portadores de Doen\u00e7a Falciforme, que\u00a0 ocorre principalmente em indiv\u00edduos afrodescendentes. A rede p\u00fablica de sa\u00fade est\u00e1 preparada para este atendimento\u00a0 e,\u00a0 o HEMOCENTRO de Santa Rosa \u00e9 um dos que est\u00e1 habilitados no estado para a realiza\u00e7\u00e3o de exames para detectar a doen\u00e7a. Neste\u00a0 sentido foi criada a uma Coordenadoria de Pol\u00edtica \u00e0 sa\u00fade da popula\u00e7\u00e3o\u00a0 negra tendo como coordenadora Elis\u00e2ngela Maria Santos de Oliveira, que destacou a import\u00e2ncia para p processo de constru\u00e7\u00e3o da sa\u00fade para a popula\u00e7\u00e3o negra. \u201c \u00c9 uma grande conquista para a popula\u00e7\u00e3o afrodescendente o pontap\u00e9 inicial foi dado\u201d destacou a coordenadora. Para\u00a0 Presidente da FUMSSAR\u00a0 ressaltou que \u00e9 mais uma pol\u00edtica de aten\u00e7\u00e3o \u00e0 uma camada significante da popula\u00e7\u00e3o, destacando a capacita\u00e7\u00e3o do HEMOCENTRO no ato de exames espec\u00edficos para a verifica\u00e7\u00e3o\u00a0 da doen\u00e7a falciforme.<\/p>\n","protected":false},"excerpt":{"rendered":"<p>O munic\u00edpio de Santa Rosa atrav\u00e9s da\u00a0 Funda\u00e7\u00e3o Municipal de Sa\u00fade est\u00e1 capacitado para atender\u00a0&#8230;<\/p>\n","protected":false},"author":11,"featured_media":2194,"comment_status":"open","ping_status":"open","sticky":false,"template":"","format":"standard","meta":{"footnotes":""},"categories":[2],"tags":[],"_links":{"self":[{"href":"https:\/\/www.fumssar.com.br\/index.php?rest_route=\/wp\/v2\/posts\/2193"}],"collection":[{"href":"https:\/\/www.fumssar.com.br\/index.php?rest_route=\/wp\/v2\/posts"}],"about":[{"href":"https:\/\/www.fumssar.com.br\/index.php?rest_route=\/wp\/v2\/types\/post"}],"author":[{"embeddable":true,"href":"https:\/\/www.fumssar.com.br\/index.php?rest_route=\/wp\/v2\/users\/11"}],"replies":[{"embeddable":true,"href":"https:\/\/www.fumssar.com.br\/index.php?rest_route=%2Fwp%2Fv2%2Fcomments&post=2193"}],"version-history":[{"count":4,"href":"https:\/\/www.fumssar.com.br\/index.php?rest_route=\/wp\/v2\/posts\/2193\/revisions"}],"predecessor-version":[{"id":2198,"href":"https:\/\/www.fumssar.com.br\/index.php?rest_route=\/wp\/v2\/posts\/2193\/revisions\/2198"}],"wp:featuredmedia":[{"embeddable":true,"href":"https:\/\/www.fumssar.com.br\/index.php?rest_route=\/wp\/v2\/media\/2194"}],"wp:attachment":[{"href":"https:\/\/www.fumssar.com.br\/index.php?rest_route=%2Fwp%2Fv2%2Fmedia&parent=2193"}],"wp:term":[{"taxonomy":"category","embeddable":true,"href":"https:\/\/www.fumssar.com.br\/index.php?rest_route=%2Fwp%2Fv2%2Fcategories&post=2193"},{"taxonomy":"post_tag","embeddable":true,"href":"https:\/\/www.fumssar.com.br\/index.php?rest_route=%2Fwp%2Fv2%2Ftags&post=2193"}],"curies":[{"name":"wp","href":"https:\/\/api.w.org\/{rel}","templated":true}]}}