{"id":21892,"date":"2022-09-06T09:43:37","date_gmt":"2022-09-06T12:43:37","guid":{"rendered":"http:\/\/www.fumssar.com.br\/?p=21892"},"modified":"2022-09-06T09:47:03","modified_gmt":"2022-09-06T12:47:03","slug":"aviso-de-prorrogacao-de-prazo-de-credenciamento-chamamento-publico-no-06-2022","status":"publish","type":"post","link":"https:\/\/www.fumssar.com.br\/?p=21892","title":{"rendered":"AVISO DE PRORROGA\u00c7\u00c3O DE PRAZO DE CREDENCIAMENTO \u2013 CHAMAMENTO P\u00daBLICO N\u00ba 06\/2022"},"content":{"rendered":"\n<div class=\"wp-block-file\"><a href=\"http:\/\/www.fumssar.com.br\/wp-content\/uploads\/2022\/09\/PRORROGA\u00c7\u00c3O-DE-PRAZO-CREDENCIAMENTO-03.pdf\">PRORROGA\u00c7\u00c3O-DE-PRAZO-CREDENCIAMENTO-03<\/a><a href=\"http:\/\/www.fumssar.com.br\/wp-content\/uploads\/2022\/09\/PRORROGA\u00c7\u00c3O-DE-PRAZO-CREDENCIAMENTO-03.pdf\" class=\"wp-block-file__button\" download>Baixar<\/a><\/div>\n\n\n\n<div class=\"wp-block-file\"><a href=\"http:\/\/www.fumssar.com.br\/wp-content\/uploads\/2022\/09\/06-2022-EDITAL-M\u00c9DICO-PSIQUIATRA.docx\">06-2022-EDITAL-M\u00c9DICO-PSIQUIATRA<\/a><a href=\"http:\/\/www.fumssar.com.br\/wp-content\/uploads\/2022\/09\/06-2022-EDITAL-M\u00c9DICO-PSIQUIATRA.docx\" class=\"wp-block-file__button\" download>Baixar<\/a><\/div>\n\n\n\n<p>A Funda\u00e7\u00e3o Municipal de Sa\u00fade de Santa Rosa \u2013 FUMSSAR, torna p\u00fablico,\npara conhecimento dos interessados, <strong>que foi prorrogado por mais 10 dias,<\/strong>\nde 06\/09\/2022 a 15\/09\/2022, o prazo para credenciamento de pessoas jur\u00eddicas\ninteressadas em participar do Chamamento P\u00fablico n\u00ba 06\/2022 &#8211; P<a>resta\u00e7\u00e3o<\/a> de servi\u00e7os de sa\u00fade na \u00e1rea de Psiquiatria,\nconforme especifica\u00e7\u00f5es descritas no edital.<\/p>\n\n\n\n<p>&nbsp;As\ndemais cl\u00e1usulas do Edital de Chamamento P\u00fablico n\u00ba 06\/2022 permanecem\ninalteradas.<\/p>\n\n\n\n<p>Santa\nRosa, 06 de Setembro de 2022.<\/p>\n\n\n\n<table class=\"wp-block-table\"><tbody><tr><td> Rog\u00e9rio Silva dos   Santos   <br>Diretor   de Gest\u00e3o Administrativa   <\/td><td>D\u00e9lcio Stefan  <br> Presidente   <\/td><\/tr><\/tbody><\/table>\n","protected":false},"excerpt":{"rendered":"<p>A Funda\u00e7\u00e3o Municipal de Sa\u00fade de Santa Rosa \u2013 FUMSSAR, torna p\u00fablico, para conhecimento dos&#8230;<\/p>\n","protected":false},"author":39,"featured_media":0,"comment_status":"open","ping_status":"open","sticky":false,"template":"","format":"standard","meta":{"footnotes":""},"categories":[192],"tags":[],"_links":{"self":[{"href":"https:\/\/www.fumssar.com.br\/index.php?rest_route=\/wp\/v2\/posts\/21892"}],"collection":[{"href":"https:\/\/www.fumssar.com.br\/index.php?rest_route=\/wp\/v2\/posts"}],"about":[{"href":"https:\/\/www.fumssar.com.br\/index.php?rest_route=\/wp\/v2\/types\/post"}],"author":[{"embeddable":true,"href":"https:\/\/www.fumssar.com.br\/index.php?rest_route=\/wp\/v2\/users\/39"}],"replies":[{"embeddable":true,"href":"https:\/\/www.fumssar.com.br\/index.php?rest_route=%2Fwp%2Fv2%2Fcomments&post=21892"}],"version-history":[{"count":1,"href":"https:\/\/www.fumssar.com.br\/index.php?rest_route=\/wp\/v2\/posts\/21892\/revisions"}],"predecessor-version":[{"id":21895,"href":"https:\/\/www.fumssar.com.br\/index.php?rest_route=\/wp\/v2\/posts\/21892\/revisions\/21895"}],"wp:attachment":[{"href":"https:\/\/www.fumssar.com.br\/index.php?rest_route=%2Fwp%2Fv2%2Fmedia&parent=21892"}],"wp:term":[{"taxonomy":"category","embeddable":true,"href":"https:\/\/www.fumssar.com.br\/index.php?rest_route=%2Fwp%2Fv2%2Fcategories&post=21892"},{"taxonomy":"post_tag","embeddable":true,"href":"https:\/\/www.fumssar.com.br\/index.php?rest_route=%2Fwp%2Fv2%2Ftags&post=21892"}],"curies":[{"name":"wp","href":"https:\/\/api.w.org\/{rel}","templated":true}]}}