{"id":21857,"date":"2022-09-05T15:40:11","date_gmt":"2022-09-05T18:40:11","guid":{"rendered":"http:\/\/www.fumssar.com.br\/?p=21857"},"modified":"2024-10-07T16:33:14","modified_gmt":"2024-10-07T19:33:14","slug":"novo-horario-de-funcionamento-da-central-de-vacinas-da-fumssar","status":"publish","type":"post","link":"https:\/\/www.fumssar.com.br\/?p=21857","title":{"rendered":"Novo hor\u00e1rio de funcionamento da Central de Vacinas da FUMSSAR"},"content":{"rendered":"\n<figure class=\"wp-block-image\"><img loading=\"lazy\" decoding=\"async\" width=\"1024\" height=\"1024\" src=\"http:\/\/www.fumssar.com.br\/wp-content\/uploads\/2022\/09\/WhatsApp-Image-2022-09-05-at-15.17.29-1024x1024.jpeg\" alt=\"\" class=\"wp-image-21858\" srcset=\"https:\/\/www.fumssar.com.br\/wp-content\/uploads\/2022\/09\/WhatsApp-Image-2022-09-05-at-15.17.29-1024x1024.jpeg 1024w, https:\/\/www.fumssar.com.br\/wp-content\/uploads\/2022\/09\/WhatsApp-Image-2022-09-05-at-15.17.29-150x150.jpeg 150w, https:\/\/www.fumssar.com.br\/wp-content\/uploads\/2022\/09\/WhatsApp-Image-2022-09-05-at-15.17.29-300x300.jpeg 300w, https:\/\/www.fumssar.com.br\/wp-content\/uploads\/2022\/09\/WhatsApp-Image-2022-09-05-at-15.17.29-768x768.jpeg 768w, https:\/\/www.fumssar.com.br\/wp-content\/uploads\/2022\/09\/WhatsApp-Image-2022-09-05-at-15.17.29.jpeg 1080w\" sizes=\"(max-width: 1024px) 100vw, 1024px\" \/><\/figure>\n\n\n\n<p>A Funda\u00e7\u00e3o Municipal de Sa\u00fade de Santa Rosa informa que a partir da ter\u00e7a-feira (06), vai ser alterado o hor\u00e1rio de atendimento da Central de Vacinas \u2013 COVID-19. As imuniza\u00e7\u00f5es v\u00e3o acontecer todas as ter\u00e7as e quintas-feiras, das 13h30min \u00e0s 17h. A Central de Vacinas da FUMSSAR fica localizada na Rua Dr. Francisco Timm, 480 \u2013 Centro, entrada pela lateral, no subsolo. Confira abaixo quem pode se vacinar:<\/p>\n\n\n\n<p>*1\u00aa Dose &#8211; Por faixa et\u00e1ria:<br>\nA partir dos 18 anos<\/p>\n\n\n\n<p>*2\u00aa Dose &#8211; Intervalo<\/p>\n\n\n\n<ul><li>Coronavac: Ap\u00f3s 28 dias da D1<\/li><li>Astrazeneca e Pfizer: Ap\u00f3s 08 semanas da D1<\/li><li>Janssen: De 2 a 6 meses ap\u00f3s a primeira dose<\/li><\/ul>\n\n\n\n<p>*3\u00aa Dose &#8211; Dose de Refor\u00e7o \u2013 DR1<br>\nDose de Refor\u00e7o para pessoas acima de 12 anos<br>\nAp\u00f3s 120 dias (4 meses) da 2\u00aa Dose de Pfizer, Astrazeneca, Janssen ou Coronavac<\/p>\n\n\n\n<p>*4\u00aa Dose ou DR2 &#8211; Ap\u00f3s 4 meses da terceira dose<\/p>\n\n\n\n<ul><li>Por faixa et\u00e1ria: A partir dos 40 anos<\/li><li>Profissionais da Sa\u00fade e Imunossuprimidos <\/li><\/ul>\n\n\n\n<p>A imuniza\u00e7\u00e3o contra a COVID-19 para crian\u00e7as a partir dos 03 anos e adolescentes at\u00e9 os 17 anos, vai acontecer no formato de mutir\u00f5es, organizados pela FUMSSAR e divulgados nas p\u00e1ginas oficiais da prefeitura. No pr\u00f3ximo s\u00e1bado, dia 10\/09, ser\u00e1 realizado um mutir\u00e3o. As doses v\u00e3o ser aplicadas nas Unidades B\u00e1sicas de Sa\u00fade do Centro, Cruzeiro e Sulina, das 08 \u00e0s 14h, para crian\u00e7as a partir dos 03 anos e adolescentes at\u00e9 os 17 anos completos. As crian\u00e7as e adolescentes que forem se vacinar, precisam ir acompanhadas dos pais ou respons\u00e1veis e levar junto certid\u00e3o de nascimento ou CPF, cart\u00e3o SUS e a caderneta de vacina\u00e7\u00e3o.<\/p>\n\n\n\n<figure class=\"wp-block-image\"><img loading=\"lazy\" decoding=\"async\" width=\"1024\" height=\"1024\" src=\"http:\/\/www.fumssar.com.br\/wp-content\/uploads\/2022\/09\/WhatsApp-Image-2022-09-05-at-15.17.46-1024x1024.jpeg\" alt=\"\" class=\"wp-image-21859\" srcset=\"https:\/\/www.fumssar.com.br\/wp-content\/uploads\/2022\/09\/WhatsApp-Image-2022-09-05-at-15.17.46-1024x1024.jpeg 1024w, https:\/\/www.fumssar.com.br\/wp-content\/uploads\/2022\/09\/WhatsApp-Image-2022-09-05-at-15.17.46-150x150.jpeg 150w, https:\/\/www.fumssar.com.br\/wp-content\/uploads\/2022\/09\/WhatsApp-Image-2022-09-05-at-15.17.46-300x300.jpeg 300w, https:\/\/www.fumssar.com.br\/wp-content\/uploads\/2022\/09\/WhatsApp-Image-2022-09-05-at-15.17.46-768x768.jpeg 768w, https:\/\/www.fumssar.com.br\/wp-content\/uploads\/2022\/09\/WhatsApp-Image-2022-09-05-at-15.17.46.jpeg 1080w\" sizes=\"(max-width: 1024px) 100vw, 1024px\" \/><\/figure>\n","protected":false},"excerpt":{"rendered":"<p>A Funda\u00e7\u00e3o Municipal de Sa\u00fade de Santa Rosa informa que a partir da ter\u00e7a-feira (06),&#8230;<\/p>\n","protected":false},"author":36,"featured_media":21858,"comment_status":"closed","ping_status":"closed","sticky":false,"template":"","format":"standard","meta":{"footnotes":""},"categories":[152,2],"tags":[],"_links":{"self":[{"href":"https:\/\/www.fumssar.com.br\/index.php?rest_route=\/wp\/v2\/posts\/21857"}],"collection":[{"href":"https:\/\/www.fumssar.com.br\/index.php?rest_route=\/wp\/v2\/posts"}],"about":[{"href":"https:\/\/www.fumssar.com.br\/index.php?rest_route=\/wp\/v2\/types\/post"}],"author":[{"embeddable":true,"href":"https:\/\/www.fumssar.com.br\/index.php?rest_route=\/wp\/v2\/users\/36"}],"replies":[{"embeddable":true,"href":"https:\/\/www.fumssar.com.br\/index.php?rest_route=%2Fwp%2Fv2%2Fcomments&post=21857"}],"version-history":[{"count":1,"href":"https:\/\/www.fumssar.com.br\/index.php?rest_route=\/wp\/v2\/posts\/21857\/revisions"}],"predecessor-version":[{"id":21860,"href":"https:\/\/www.fumssar.com.br\/index.php?rest_route=\/wp\/v2\/posts\/21857\/revisions\/21860"}],"wp:featuredmedia":[{"embeddable":true,"href":"https:\/\/www.fumssar.com.br\/index.php?rest_route=\/wp\/v2\/media\/21858"}],"wp:attachment":[{"href":"https:\/\/www.fumssar.com.br\/index.php?rest_route=%2Fwp%2Fv2%2Fmedia&parent=21857"}],"wp:term":[{"taxonomy":"category","embeddable":true,"href":"https:\/\/www.fumssar.com.br\/index.php?rest_route=%2Fwp%2Fv2%2Fcategories&post=21857"},{"taxonomy":"post_tag","embeddable":true,"href":"https:\/\/www.fumssar.com.br\/index.php?rest_route=%2Fwp%2Fv2%2Ftags&post=21857"}],"curies":[{"name":"wp","href":"https:\/\/api.w.org\/{rel}","templated":true}]}}