{"id":2183,"date":"2014-08-11T18:12:25","date_gmt":"2014-08-11T18:12:25","guid":{"rendered":"http:\/\/www.fumssar.com.br\/?p=2183"},"modified":"2024-10-07T16:36:17","modified_gmt":"2024-10-07T19:36:17","slug":"upa-foi-inaugurada","status":"publish","type":"post","link":"https:\/\/www.fumssar.com.br\/?p=2183","title":{"rendered":"UPA foi inaugurada"},"content":{"rendered":"<p>Inaugurada na tarde desta sexta-feira (8) a Unidade de Pronto Atendimento 24 horas \u201c Erni Friderichs\u201d de Santa Rosa. O ato ocorreu \u00e0s 15 horas e contou com a presen\u00e7a de diversas autoridades, lideran\u00e7as e um p\u00fablico expressivo. A Secret\u00e1ria Estadual de Sa\u00fade do RGS veio \u00e0 cidade para o ato inaugural e destacou a estrutura moderna que a comunidade ter\u00e1 \u00e0 disposi\u00e7\u00e3o no servi\u00e7o de urg\u00eancia e emerg\u00eancia. Os servi\u00e7os da unidade ser\u00e3o prestados pelo Hospital Vida &amp; Sa\u00fade e, conforme o contrato que foi assinado esta semana entre a entidade e a FUMSSAR ser\u00e3o repassados R$ 640 mil mensais, com recursos oriundos dos governos federal, estadual, municipal e de os demais 21 munic\u00edpios da regi\u00e3o que ser\u00e3o beneficiados com o atendimento da UPA.<\/p>\n<p>O Prefeito Alcides Vicini afirmou que a comunidade recebe nas v\u00e9speras do anivers\u00e1rio dos 83 anos de emancipa\u00e7\u00e3o do munic\u00edpio um presente muito importante, uma vez que a UPA ir\u00e1 disponibilizar um servi\u00e7o ainda mais qualificado no atendimento de urg\u00eancia e emerg\u00eancia. Para o Presidente da Funda\u00e7\u00e3o Municipal de Sa\u00fade Lu\u00eds Ant\u00f4nio Benvegn\u00fa destacou que a unidade vem com um servi\u00e7o moderno e muito qualificado somar-se aos j\u00e1 ofertados na rede de atendimento. Anderson Mantei Presidente do Hospital Vida &amp; Sa\u00fade, disse que a entidade est\u00e1 preparada para o novo desafio, ele destacou que a UPA tem uma estrutura maior que muitos hospitais do interior do estado e ser\u00e1 bem administrada pela sua equipe, ofertando servi\u00e7os de qualidade aos usu\u00e1rios do SUS, com muita compet\u00eancia e seriedade. A expectativa \u00e9 de que no in\u00edcio da pr\u00f3xima semana a unidade j\u00e1 comece a receber pacientes, restando apenas a instala\u00e7\u00e3o dos equipamentos de raio x. Ap\u00f3s a inaugura\u00e7\u00e3o o p\u00fablico presente no evento foi convidado a conhecer as instala\u00e7\u00f5es da unidade, familiares do Ex-prefeito de Santa Rosa Erni Friderichs participaram da solenidade.<a href=\"http:\/\/www.fumssar.com.br\/wp-content\/uploads\/2014\/08\/inaugura\u00e7a\u00e3o-da-upa-3.jpg\"><img loading=\"lazy\" decoding=\"async\" class=\"alignnone size-medium wp-image-2190\" alt=\"inaugura\u00e7a\u00e3o da upa 3\" src=\"http:\/\/www.fumssar.com.br\/wp-content\/uploads\/2014\/08\/inaugura\u00e7a\u00e3o-da-upa-3-300x224.jpg\" width=\"300\" height=\"224\" srcset=\"https:\/\/www.fumssar.com.br\/wp-content\/uploads\/2014\/08\/inaugura\u00e7a\u00e3o-da-upa-3-300x224.jpg 300w, https:\/\/www.fumssar.com.br\/wp-content\/uploads\/2014\/08\/inaugura\u00e7a\u00e3o-da-upa-3.jpg 448w\" sizes=\"(max-width: 300px) 100vw, 300px\" \/><\/a><\/p>\n<p><a href=\"http:\/\/www.fumssar.com.br\/wp-content\/uploads\/2014\/08\/inaugura\u00e7\u00e3o-da-upa.jpg\"><img loading=\"lazy\" decoding=\"async\" class=\"alignnone size-medium wp-image-2187\" alt=\"inaugura\u00e7\u00e3o da upa\" src=\"http:\/\/www.fumssar.com.br\/wp-content\/uploads\/2014\/08\/inaugura\u00e7\u00e3o-da-upa-300x225.jpg\" width=\"300\" height=\"225\" srcset=\"https:\/\/www.fumssar.com.br\/wp-content\/uploads\/2014\/08\/inaugura\u00e7\u00e3o-da-upa-300x225.jpg 300w, https:\/\/www.fumssar.com.br\/wp-content\/uploads\/2014\/08\/inaugura\u00e7\u00e3o-da-upa.jpg 640w\" sizes=\"(max-width: 300px) 100vw, 300px\" \/><\/a><a href=\"http:\/\/www.fumssar.com.br\/wp-content\/uploads\/2014\/08\/inaugura\u00e7\u00e3o-upa-2.jpg\"><img loading=\"lazy\" decoding=\"async\" class=\"alignnone size-medium wp-image-2188\" alt=\"inaugura\u00e7\u00e3o upa 2\" src=\"http:\/\/www.fumssar.com.br\/wp-content\/uploads\/2014\/08\/inaugura\u00e7\u00e3o-upa-2-300x224.jpg\" width=\"300\" height=\"224\" srcset=\"https:\/\/www.fumssar.com.br\/wp-content\/uploads\/2014\/08\/inaugura\u00e7\u00e3o-upa-2-300x224.jpg 300w, https:\/\/www.fumssar.com.br\/wp-content\/uploads\/2014\/08\/inaugura\u00e7\u00e3o-upa-2.jpg 448w\" sizes=\"(max-width: 300px) 100vw, 300px\" \/><\/a><\/p>\n","protected":false},"excerpt":{"rendered":"<p>Inaugurada na tarde desta sexta-feira (8) a Unidade de Pronto Atendimento 24 horas \u201c Erni&#8230;<\/p>\n","protected":false},"author":11,"featured_media":2189,"comment_status":"open","ping_status":"open","sticky":false,"template":"","format":"standard","meta":{"footnotes":""},"categories":[2],"tags":[],"_links":{"self":[{"href":"https:\/\/www.fumssar.com.br\/index.php?rest_route=\/wp\/v2\/posts\/2183"}],"collection":[{"href":"https:\/\/www.fumssar.com.br\/index.php?rest_route=\/wp\/v2\/posts"}],"about":[{"href":"https:\/\/www.fumssar.com.br\/index.php?rest_route=\/wp\/v2\/types\/post"}],"author":[{"embeddable":true,"href":"https:\/\/www.fumssar.com.br\/index.php?rest_route=\/wp\/v2\/users\/11"}],"replies":[{"embeddable":true,"href":"https:\/\/www.fumssar.com.br\/index.php?rest_route=%2Fwp%2Fv2%2Fcomments&post=2183"}],"version-history":[{"count":2,"href":"https:\/\/www.fumssar.com.br\/index.php?rest_route=\/wp\/v2\/posts\/2183\/revisions"}],"predecessor-version":[{"id":2204,"href":"https:\/\/www.fumssar.com.br\/index.php?rest_route=\/wp\/v2\/posts\/2183\/revisions\/2204"}],"wp:featuredmedia":[{"embeddable":true,"href":"https:\/\/www.fumssar.com.br\/index.php?rest_route=\/wp\/v2\/media\/2189"}],"wp:attachment":[{"href":"https:\/\/www.fumssar.com.br\/index.php?rest_route=%2Fwp%2Fv2%2Fmedia&parent=2183"}],"wp:term":[{"taxonomy":"category","embeddable":true,"href":"https:\/\/www.fumssar.com.br\/index.php?rest_route=%2Fwp%2Fv2%2Fcategories&post=2183"},{"taxonomy":"post_tag","embeddable":true,"href":"https:\/\/www.fumssar.com.br\/index.php?rest_route=%2Fwp%2Fv2%2Ftags&post=2183"}],"curies":[{"name":"wp","href":"https:\/\/api.w.org\/{rel}","templated":true}]}}