{"id":21732,"date":"2022-08-09T17:03:59","date_gmt":"2022-08-09T20:03:59","guid":{"rendered":"http:\/\/www.fumssar.com.br\/?p=21732"},"modified":"2022-12-19T07:39:14","modified_gmt":"2022-12-19T10:39:14","slug":"leilao-01-2022","status":"publish","type":"post","link":"https:\/\/www.fumssar.com.br\/?p=21732","title":{"rendered":"Leil\u00e3o 01\/2022"},"content":{"rendered":"\n<p><a href=\"https:\/\/www.monzonleiloes.com.br\/leilao\/detalhe_leilao\/203\">https:\/\/www.monzonleiloes.com.br\/leilao\/detalhe_leilao\/203<\/a><\/p>\n\n\n\n<p><strong>Data:<\/strong>&nbsp;15 de Setembro de 2022 as 10h00<\/p>\n\n\n\n<p><strong>Modo de Leil\u00e3o:<\/strong>&nbsp;Online<\/p>\n\n\n\n<p> A Funda\u00e7\u00e3o Municipal de Sa\u00fade de Santa Rosa, pessoa jur\u00eddica de direito privado interno, representada por seu presidente Sr. D\u00e9lcio Stefan, em conformidade com Lei n\u00ba 8.666\/93, de 21 de junho de 1993, suas altera\u00e7\u00f5es e demais legisla\u00e7\u00f5es aplic\u00e1veis, tornam p\u00fablica a realiza\u00e7\u00e3o de LEIL\u00c3O EXCLUSIVAMENTE ELETR\u00d4NICO, em tempo real para aliena\u00e7\u00e3o de im\u00f3veis, ve\u00edculos e bens inserv\u00edveis de propriedade da Funda\u00e7\u00e3o Municipal de Sa\u00fade de Santa Rosa &#8211; FUMSSAR, do tipo maior lance de cada lote, por meio do Leiloeiro P\u00fablico Oficial, JOACIR MONZON POUEY, devidamente matriculado perante a JUCISRS sob n\u00ba 421, objetivando a venda de bens inserv\u00edveis para a Administra\u00e7\u00e3o. 1.2. O presente edital encontra-se \u00e0 disposi\u00e7\u00e3o dos interessados no Setor de Licita\u00e7\u00f5es, conforme endere\u00e7o no pre\u00e2mbulo, e ser\u00e1 retirado no site da Funda\u00e7\u00e3o Municipal de Sa\u00fade de Santa Rosa, ou ainda solicitado pelo email smp@fumssar.com.br, assim como encontra-se dispon\u00edvel no s\u00edtio eletr\u00f4nico https:\/\/www.monzonleiloes.com.br\/ e https:\/\/www.fumssar.com.br\/. <\/p>\n\n\n\n<div class=\"wp-block-file\"><a href=\"http:\/\/www.fumssar.com.br\/wp-content\/uploads\/2022\/08\/Edital-de-Leil\u00e3o-FUMSSAR-Assinado-final-1.pdf\">Edital-de-Leil\u00e3o-FUMSSAR-Assinado-final-1<\/a><a href=\"http:\/\/www.fumssar.com.br\/wp-content\/uploads\/2022\/08\/Edital-de-Leil\u00e3o-FUMSSAR-Assinado-final-1.pdf\" class=\"wp-block-file__button\" download>Baixar<\/a><\/div>\n","protected":false},"excerpt":{"rendered":"<p>https:\/\/www.monzonleiloes.com.br\/leilao\/detalhe_leilao\/203 Data:&nbsp;15 de Setembro de 2022 as 10h00 Modo de Leil\u00e3o:&nbsp;Online A Funda\u00e7\u00e3o Municipal de&#8230;<\/p>\n","protected":false},"author":39,"featured_media":0,"comment_status":"open","ping_status":"open","sticky":false,"template":"","format":"standard","meta":{"footnotes":""},"categories":[214],"tags":[],"_links":{"self":[{"href":"https:\/\/www.fumssar.com.br\/index.php?rest_route=\/wp\/v2\/posts\/21732"}],"collection":[{"href":"https:\/\/www.fumssar.com.br\/index.php?rest_route=\/wp\/v2\/posts"}],"about":[{"href":"https:\/\/www.fumssar.com.br\/index.php?rest_route=\/wp\/v2\/types\/post"}],"author":[{"embeddable":true,"href":"https:\/\/www.fumssar.com.br\/index.php?rest_route=\/wp\/v2\/users\/39"}],"replies":[{"embeddable":true,"href":"https:\/\/www.fumssar.com.br\/index.php?rest_route=%2Fwp%2Fv2%2Fcomments&post=21732"}],"version-history":[{"count":4,"href":"https:\/\/www.fumssar.com.br\/index.php?rest_route=\/wp\/v2\/posts\/21732\/revisions"}],"predecessor-version":[{"id":21748,"href":"https:\/\/www.fumssar.com.br\/index.php?rest_route=\/wp\/v2\/posts\/21732\/revisions\/21748"}],"wp:attachment":[{"href":"https:\/\/www.fumssar.com.br\/index.php?rest_route=%2Fwp%2Fv2%2Fmedia&parent=21732"}],"wp:term":[{"taxonomy":"category","embeddable":true,"href":"https:\/\/www.fumssar.com.br\/index.php?rest_route=%2Fwp%2Fv2%2Fcategories&post=21732"},{"taxonomy":"post_tag","embeddable":true,"href":"https:\/\/www.fumssar.com.br\/index.php?rest_route=%2Fwp%2Fv2%2Ftags&post=21732"}],"curies":[{"name":"wp","href":"https:\/\/api.w.org\/{rel}","templated":true}]}}