{"id":21698,"date":"2022-08-22T17:24:28","date_gmt":"2022-08-22T20:24:28","guid":{"rendered":"http:\/\/www.fumssar.com.br\/?p=21698"},"modified":"2024-10-07T16:33:15","modified_gmt":"2024-10-07T19:33:15","slug":"mais-de-3-000-doses-foram-aplicadas-no-sabado-pela-fumssar","status":"publish","type":"post","link":"https:\/\/www.fumssar.com.br\/?p=21698","title":{"rendered":"Mais de 3.000 doses foram aplicadas no s\u00e1bado pela FUMSSAR"},"content":{"rendered":"\n<figure class=\"wp-block-image\"><img loading=\"lazy\" decoding=\"async\" width=\"1024\" height=\"768\" src=\"http:\/\/www.fumssar.com.br\/wp-content\/uploads\/2022\/08\/WhatsApp-Image-2022-08-22-at-17.10.51-1024x768.jpeg\" alt=\"\" class=\"wp-image-21699\" srcset=\"https:\/\/www.fumssar.com.br\/wp-content\/uploads\/2022\/08\/WhatsApp-Image-2022-08-22-at-17.10.51-1024x768.jpeg 1024w, https:\/\/www.fumssar.com.br\/wp-content\/uploads\/2022\/08\/WhatsApp-Image-2022-08-22-at-17.10.51-300x225.jpeg 300w, https:\/\/www.fumssar.com.br\/wp-content\/uploads\/2022\/08\/WhatsApp-Image-2022-08-22-at-17.10.51-768x576.jpeg 768w, https:\/\/www.fumssar.com.br\/wp-content\/uploads\/2022\/08\/WhatsApp-Image-2022-08-22-at-17.10.51.jpeg 1360w\" sizes=\"(max-width: 1024px) 100vw, 1024px\" \/><\/figure>\n\n\n\n<p>A Funda\u00e7\u00e3o Municipal de Sa\u00fade de Santa Rosa realizou no \u00faltimo s\u00e1bado (20), o dia D da Campanha Nacional de Vacina\u00e7\u00e3o contra a Poliomielite e Multivacina\u00e7\u00e3o. Ao todo, foram aplicadas 3.118 doses, das 08h \u00e0s 17h. Dessas, 1.777 s\u00e3o imuniza\u00e7\u00f5es contra a P\u00f3lio e 1.341 das demais vacinas do Calend\u00e1rio Vacinal. As doses foram realizadas nas Unidades B\u00e1sicas de Sa\u00fade, para crian\u00e7as a partir de 01 ano e adolescentes de at\u00e9 15 anos de idade. Na UBS Cruzeiro, ocorreu um ato de abertura do dia D. Estavam presentes, o prefeito Anderson Mantei, o Presidente da FUMSSAR, D\u00e9lcio Stefan, a Diretora da Aten\u00e7\u00e3o B\u00e1sica, Fabiana Breitenbach, representantes do Rotary J\u00fanior e da Cooperativa Sicredi. A manh\u00e3 foi embalada ao som da Orquestra Jovem Santa Rosa, que tamb\u00e9m participou da campanha.<\/p>\n\n\n\n<p>As crian\u00e7as e adolescentes que ainda n\u00e3o est\u00e3o imunizadas contra a Poliomielite, ou necessitam aplicar alguma dose em atraso da caderneta de vacina\u00e7\u00e3o, tem at\u00e9 o dia 09\/09 para fazer a aplica\u00e7\u00e3o. A imuniza\u00e7\u00e3o acontece em todas as Unidades B\u00e1sicas de Sa\u00fade. O Presidente da FUMSSAR, D\u00e9lcio Stefan ressaltou que esta \u00e9 uma oportunidade para os pais colocarem em dia, as vacinas dos filhos, \u201cPrecisamos manter nossas crian\u00e7as livres da Poliomielite e de outras doen\u00e7as que podem ser prevenidas com vacina. \u00c9 importante que os pais fiquem atentos \u00e0 caderneta de vacina\u00e7\u00e3o e realizem as doses em atraso\u201d. Todas as crian\u00e7as de 01 a 04 anos, devem ser vacinadas contra a poliomielite com a vacina oral, mesmo que j\u00e1 tenham sido imunizadas anteriormente com a gotinha. J\u00e1 as menores de um ano de idade, que fazem vacina injet\u00e1vel, s\u00f3 precisam comparecer se estiverem com as doses contra a p\u00f3lio, em atraso.<\/p>\n\n\n\n<p>A campanha de multivacina\u00e7\u00e3o serve para atualizar a Caderneta de Vacina\u00e7\u00e3o da Crian\u00e7a e do Adolescente, de at\u00e9 15 anos. Est\u00e3o sendo disponibilizadas todas as vacinas do Calend\u00e1rio Nacional de Vacina\u00e7\u00e3o. S\u00e3o elas: Pentavalente, Poliomielite Oral e Inativada, Pneumoc\u00f3cica 10 valente, Meningoc\u00f3cica C, Febre Amarela, Rotav\u00edrus, Hepatite B, Tr\u00edplice Bacteriana, Tr\u00edplice Viral, Hepatite A, Varicela e HPV Quadrivalente. Para adolescentes, estar\u00e3o dispon\u00edveis as vacinas HPV, dT (Dupla Adulto), Febre Amarela, Tr\u00edplice Viral, Hepatite B, Meningoc\u00f3cica ACWY (conjugada) e dTpa (para adolescentes gestantes). As crian\u00e7as e adolescentes que forem se vacinar, precisam ir acompanhadas dos pais ou respons\u00e1veis e levar junto certid\u00e3o de nascimento ou CPF, cart\u00e3o SUS e a caderneta de vacina\u00e7\u00e3o.<\/p>\n\n\n\n<ul class=\"wp-block-gallery columns-2 is-cropped wp-block-gallery-1 is-layout-flex wp-block-gallery-is-layout-flex\"><li class=\"blocks-gallery-item\"><figure><img loading=\"lazy\" decoding=\"async\" width=\"1024\" height=\"768\" src=\"http:\/\/www.fumssar.com.br\/wp-content\/uploads\/2022\/08\/WhatsApp-Image-2022-08-22-at-16.03.21-1024x768.jpeg\" alt=\"\" data-id=\"21700\" data-link=\"http:\/\/www.fumssar.com.br\/?attachment_id=21700\" class=\"wp-image-21700\" srcset=\"https:\/\/www.fumssar.com.br\/wp-content\/uploads\/2022\/08\/WhatsApp-Image-2022-08-22-at-16.03.21-1024x768.jpeg 1024w, https:\/\/www.fumssar.com.br\/wp-content\/uploads\/2022\/08\/WhatsApp-Image-2022-08-22-at-16.03.21-300x225.jpeg 300w, https:\/\/www.fumssar.com.br\/wp-content\/uploads\/2022\/08\/WhatsApp-Image-2022-08-22-at-16.03.21-768x576.jpeg 768w, https:\/\/www.fumssar.com.br\/wp-content\/uploads\/2022\/08\/WhatsApp-Image-2022-08-22-at-16.03.21.jpeg 1156w\" sizes=\"(max-width: 1024px) 100vw, 1024px\" \/><\/figure><\/li><li class=\"blocks-gallery-item\"><figure><img loading=\"lazy\" decoding=\"async\" width=\"860\" height=\"645\" src=\"http:\/\/www.fumssar.com.br\/wp-content\/uploads\/2022\/08\/Formato-Site-e-Portal-860X645-JPG-49.jpg\" alt=\"\" data-id=\"21701\" data-link=\"http:\/\/www.fumssar.com.br\/?attachment_id=21701\" class=\"wp-image-21701\" srcset=\"https:\/\/www.fumssar.com.br\/wp-content\/uploads\/2022\/08\/Formato-Site-e-Portal-860X645-JPG-49.jpg 860w, https:\/\/www.fumssar.com.br\/wp-content\/uploads\/2022\/08\/Formato-Site-e-Portal-860X645-JPG-49-300x225.jpg 300w, https:\/\/www.fumssar.com.br\/wp-content\/uploads\/2022\/08\/Formato-Site-e-Portal-860X645-JPG-49-768x576.jpg 768w\" sizes=\"(max-width: 860px) 100vw, 860px\" \/><\/figure><\/li><\/ul>\n","protected":false},"excerpt":{"rendered":"<p>A Funda\u00e7\u00e3o Municipal de Sa\u00fade de Santa Rosa realizou no \u00faltimo s\u00e1bado (20), o dia&#8230;<\/p>\n","protected":false},"author":36,"featured_media":21699,"comment_status":"closed","ping_status":"closed","sticky":false,"template":"","format":"standard","meta":{"footnotes":""},"categories":[2],"tags":[],"_links":{"self":[{"href":"https:\/\/www.fumssar.com.br\/index.php?rest_route=\/wp\/v2\/posts\/21698"}],"collection":[{"href":"https:\/\/www.fumssar.com.br\/index.php?rest_route=\/wp\/v2\/posts"}],"about":[{"href":"https:\/\/www.fumssar.com.br\/index.php?rest_route=\/wp\/v2\/types\/post"}],"author":[{"embeddable":true,"href":"https:\/\/www.fumssar.com.br\/index.php?rest_route=\/wp\/v2\/users\/36"}],"replies":[{"embeddable":true,"href":"https:\/\/www.fumssar.com.br\/index.php?rest_route=%2Fwp%2Fv2%2Fcomments&post=21698"}],"version-history":[{"count":1,"href":"https:\/\/www.fumssar.com.br\/index.php?rest_route=\/wp\/v2\/posts\/21698\/revisions"}],"predecessor-version":[{"id":21702,"href":"https:\/\/www.fumssar.com.br\/index.php?rest_route=\/wp\/v2\/posts\/21698\/revisions\/21702"}],"wp:featuredmedia":[{"embeddable":true,"href":"https:\/\/www.fumssar.com.br\/index.php?rest_route=\/wp\/v2\/media\/21699"}],"wp:attachment":[{"href":"https:\/\/www.fumssar.com.br\/index.php?rest_route=%2Fwp%2Fv2%2Fmedia&parent=21698"}],"wp:term":[{"taxonomy":"category","embeddable":true,"href":"https:\/\/www.fumssar.com.br\/index.php?rest_route=%2Fwp%2Fv2%2Fcategories&post=21698"},{"taxonomy":"post_tag","embeddable":true,"href":"https:\/\/www.fumssar.com.br\/index.php?rest_route=%2Fwp%2Fv2%2Ftags&post=21698"}],"curies":[{"name":"wp","href":"https:\/\/api.w.org\/{rel}","templated":true}]}}