{"id":21687,"date":"2022-08-22T15:05:27","date_gmt":"2022-08-22T18:05:27","guid":{"rendered":"http:\/\/www.fumssar.com.br\/?p=21687"},"modified":"2024-10-07T16:33:15","modified_gmt":"2024-10-07T19:33:15","slug":"edital-de-convocacao-no-12-2022","status":"publish","type":"post","link":"https:\/\/www.fumssar.com.br\/?p=21687","title":{"rendered":"Edital de Convoca\u00e7\u00e3o N\u00ba 12\/2022"},"content":{"rendered":"\n<div class=\"wp-block-file\"><a href=\"https:\/\/www.fumssar.com.br\/wp-content\/uploads\/2022\/08\/Edital-de-convoca\u00e7\u00e3o-12.2022-sele\u00e7\u00e3o.pdf\">Edital-de-convoca\u00e7\u00e3o-12.2022-sele\u00e7\u00e3o<\/a><a href=\"https:\/\/www.fumssar.com.br\/wp-content\/uploads\/2022\/08\/Edital-de-convoca\u00e7\u00e3o-12.2022-sele\u00e7\u00e3o.pdf\" class=\"wp-block-file__button\" download>Baixar<\/a><\/div>\n","protected":false},"excerpt":{"rendered":"<p>O Presidente da Funda\u00e7\u00e3o Municipal de Sa\u00fade de Santa Rosa, no uso de suas atribui\u00e7\u00f5es legais comunica que dever\u00e1 comparecer na Funda\u00e7\u00e3o Municipal da Sa\u00fade, sito \u00e0 Rua Dr. Francisco Timm, n\u00ba 480, para assumir vaga, por tempo determinado. Informa ainda que se o(os) candidato(s) n\u00e3o se apresentar(em) no prazo m\u00e1ximo de 03(tr\u00eas) dias ut\u00e9is, na Se\u00e7\u00e3o de Pessoal para retirar a lista de documentos necess\u00e1rios para a contrata\u00e7\u00e3o, ser\u00e1(\u00e3o) considerado(s) desistente(s) tacitamente.<br \/>\nSELE\u00c7\u00c3O P\u00daBLICA TEMPOR\u00c1RIA 05\/2021<br \/>\nTerapeuta Ocupacional<br \/>\nJEANE HARTWIG (2\u00aa coloca\u00e7\u00e3o)<br \/>\nGABINETE DO PRESIDENTE DA FUNDA\u00c7\u00c3O MUNICIPAL DE SA\u00daDE DE SANTA ROSA EM 22 DE AGOSTO DE 2022.<\/p>\n","protected":false},"author":33,"featured_media":0,"comment_status":"open","ping_status":"open","sticky":false,"template":"","format":"standard","meta":{"footnotes":""},"categories":[2,201],"tags":[],"_links":{"self":[{"href":"https:\/\/www.fumssar.com.br\/index.php?rest_route=\/wp\/v2\/posts\/21687"}],"collection":[{"href":"https:\/\/www.fumssar.com.br\/index.php?rest_route=\/wp\/v2\/posts"}],"about":[{"href":"https:\/\/www.fumssar.com.br\/index.php?rest_route=\/wp\/v2\/types\/post"}],"author":[{"embeddable":true,"href":"https:\/\/www.fumssar.com.br\/index.php?rest_route=\/wp\/v2\/users\/33"}],"replies":[{"embeddable":true,"href":"https:\/\/www.fumssar.com.br\/index.php?rest_route=%2Fwp%2Fv2%2Fcomments&post=21687"}],"version-history":[{"count":2,"href":"https:\/\/www.fumssar.com.br\/index.php?rest_route=\/wp\/v2\/posts\/21687\/revisions"}],"predecessor-version":[{"id":21694,"href":"https:\/\/www.fumssar.com.br\/index.php?rest_route=\/wp\/v2\/posts\/21687\/revisions\/21694"}],"wp:attachment":[{"href":"https:\/\/www.fumssar.com.br\/index.php?rest_route=%2Fwp%2Fv2%2Fmedia&parent=21687"}],"wp:term":[{"taxonomy":"category","embeddable":true,"href":"https:\/\/www.fumssar.com.br\/index.php?rest_route=%2Fwp%2Fv2%2Fcategories&post=21687"},{"taxonomy":"post_tag","embeddable":true,"href":"https:\/\/www.fumssar.com.br\/index.php?rest_route=%2Fwp%2Fv2%2Ftags&post=21687"}],"curies":[{"name":"wp","href":"https:\/\/api.w.org\/{rel}","templated":true}]}}