{"id":21653,"date":"2022-08-19T14:32:07","date_gmt":"2022-08-19T17:32:07","guid":{"rendered":"http:\/\/www.fumssar.com.br\/?p=21653"},"modified":"2024-10-07T16:33:15","modified_gmt":"2024-10-07T19:33:15","slug":"dia-d-da-campanha-nacional-de-vacinacao-contra-a-polio-e-multivacinacao-neste-sabado","status":"publish","type":"post","link":"https:\/\/www.fumssar.com.br\/?p=21653","title":{"rendered":"Dia D da Campanha Nacional de Vacina\u00e7\u00e3o contra a P\u00f3lio e Multivacina\u00e7\u00e3o neste s\u00e1bado"},"content":{"rendered":"\n<figure class=\"wp-block-image\"><img loading=\"lazy\" decoding=\"async\" width=\"1024\" height=\"1024\" src=\"http:\/\/www.fumssar.com.br\/wp-content\/uploads\/2022\/08\/White-Blue-National-Influenza-Vaccination-Week-Instagram-Post-1024x1024.png\" alt=\"\" class=\"wp-image-21654\" srcset=\"https:\/\/www.fumssar.com.br\/wp-content\/uploads\/2022\/08\/White-Blue-National-Influenza-Vaccination-Week-Instagram-Post-1024x1024.png 1024w, https:\/\/www.fumssar.com.br\/wp-content\/uploads\/2022\/08\/White-Blue-National-Influenza-Vaccination-Week-Instagram-Post-150x150.png 150w, https:\/\/www.fumssar.com.br\/wp-content\/uploads\/2022\/08\/White-Blue-National-Influenza-Vaccination-Week-Instagram-Post-300x300.png 300w, https:\/\/www.fumssar.com.br\/wp-content\/uploads\/2022\/08\/White-Blue-National-Influenza-Vaccination-Week-Instagram-Post-768x768.png 768w, https:\/\/www.fumssar.com.br\/wp-content\/uploads\/2022\/08\/White-Blue-National-Influenza-Vaccination-Week-Instagram-Post.png 1080w\" sizes=\"(max-width: 1024px) 100vw, 1024px\" \/><\/figure>\n\n\n\n<p>A Funda\u00e7\u00e3o Municipal de Sa\u00fade de Santa Rosa vai realizar no s\u00e1bado (20), o dia D da Campanha Nacional de Vacina\u00e7\u00e3o contra a Poliomielite e Multivacina\u00e7\u00e3o. A imuniza\u00e7\u00e3o vai acontecer em todas as Unidades B\u00e1sicas de Sa\u00fade, das 08h \u00e0s 17h, sem fechar ao meio-dia. V\u00e3o ser aplicadas todas as vacinas do calend\u00e1rio vacinal. Podem se vacinar, as crian\u00e7as a partir de 01 ano e adolescentes de at\u00e9 15 anos de idade. <\/p>\n\n\n\n<p>Todas as crian\u00e7as de 01 a 04 anos, devem ser vacinadas contra a poliomielite com a vacina oral, mesmo que j\u00e1 tenham sido imunizadas anteriormente com a gotinha. J\u00e1 as menores de um ano de idade, que fazem vacina injet\u00e1vel, s\u00f3 precisam comparecer se estiverem com as doses contra a p\u00f3lio em atraso. A campanha de multivacina\u00e7\u00e3o serve para atualizar a Caderneta de Vacina\u00e7\u00e3o da Crian\u00e7a e do Adolescente, de at\u00e9 15 anos.<\/p>\n\n\n\n<p>V\u00e3o ser disponibilizadas todas as vacinas do Calend\u00e1rio Nacional de Vacina\u00e7\u00e3o. S\u00e3o elas:  Pentavalente, Poliomielite Oral e Inativada, Pneumoc\u00f3cica 10 valente, Meningoc\u00f3cica C, Febre Amarela, Rotav\u00edrus, Hepatite B, Tr\u00edplice Bacteriana, Tr\u00edplice Viral, Hepatite A, Varicela e HPV Quadrivalente. Para adolescentes, estar\u00e3o dispon\u00edveis as vacinas HPV, dT (Dupla Adulto), Febre Amarela, Tr\u00edplice Viral, Hepatite B, Meningoc\u00f3cica ACWY (conjugada) e dTpa (para adolescentes gestantes). As crian\u00e7as e adolescentes que forem se vacinar, precisam ir acompanhadas dos pais ou respons\u00e1veis e levar junto certid\u00e3o de nascimento ou CPF, cart\u00e3o SUS e a caderneta de vacina\u00e7\u00e3o.<\/p>\n","protected":false},"excerpt":{"rendered":"<p>A Funda\u00e7\u00e3o Municipal de Sa\u00fade de Santa Rosa vai realizar no s\u00e1bado (20), o dia&#8230;<\/p>\n","protected":false},"author":36,"featured_media":21654,"comment_status":"closed","ping_status":"closed","sticky":false,"template":"","format":"standard","meta":{"footnotes":""},"categories":[2],"tags":[],"_links":{"self":[{"href":"https:\/\/www.fumssar.com.br\/index.php?rest_route=\/wp\/v2\/posts\/21653"}],"collection":[{"href":"https:\/\/www.fumssar.com.br\/index.php?rest_route=\/wp\/v2\/posts"}],"about":[{"href":"https:\/\/www.fumssar.com.br\/index.php?rest_route=\/wp\/v2\/types\/post"}],"author":[{"embeddable":true,"href":"https:\/\/www.fumssar.com.br\/index.php?rest_route=\/wp\/v2\/users\/36"}],"replies":[{"embeddable":true,"href":"https:\/\/www.fumssar.com.br\/index.php?rest_route=%2Fwp%2Fv2%2Fcomments&post=21653"}],"version-history":[{"count":1,"href":"https:\/\/www.fumssar.com.br\/index.php?rest_route=\/wp\/v2\/posts\/21653\/revisions"}],"predecessor-version":[{"id":21655,"href":"https:\/\/www.fumssar.com.br\/index.php?rest_route=\/wp\/v2\/posts\/21653\/revisions\/21655"}],"wp:featuredmedia":[{"embeddable":true,"href":"https:\/\/www.fumssar.com.br\/index.php?rest_route=\/wp\/v2\/media\/21654"}],"wp:attachment":[{"href":"https:\/\/www.fumssar.com.br\/index.php?rest_route=%2Fwp%2Fv2%2Fmedia&parent=21653"}],"wp:term":[{"taxonomy":"category","embeddable":true,"href":"https:\/\/www.fumssar.com.br\/index.php?rest_route=%2Fwp%2Fv2%2Fcategories&post=21653"},{"taxonomy":"post_tag","embeddable":true,"href":"https:\/\/www.fumssar.com.br\/index.php?rest_route=%2Fwp%2Fv2%2Ftags&post=21653"}],"curies":[{"name":"wp","href":"https:\/\/api.w.org\/{rel}","templated":true}]}}