{"id":2162,"date":"2014-08-05T12:47:25","date_gmt":"2014-08-05T12:47:25","guid":{"rendered":"http:\/\/www.fumssar.com.br\/?p=2162"},"modified":"2024-10-07T16:36:17","modified_gmt":"2024-10-07T19:36:17","slug":"assinado-o-contrato-para-o-gerenciamento-da-upa","status":"publish","type":"post","link":"https:\/\/www.fumssar.com.br\/?p=2162","title":{"rendered":"Assinado o contrato para o gerenciamento da UPA"},"content":{"rendered":"<p>Uma solenidade realizada na tarde desta segunda-feira (04) no gabinete do prefeito municipal de Santa Rosa, com a presen\u00e7a de diversas lideran\u00e7as locais e regionais reafirmou o compromisso que a atual administra\u00e7\u00e3o tem para com a sa\u00fade da comunidade local e regional. O Contrato para o gerenciamento da Unidade de Pronto Atendimento 24 horas-UPA, foi assinado entre a Administra\u00e7\u00e3o Municipal, a FUMSSAR e o Hospital Vida &amp; Sa\u00fade, entidade que ir\u00e1 administrar os servi\u00e7os de urg\u00eancia e emerg\u00eancia para 22 munic\u00edpios da regi\u00e3o do grande Santa Rosa.<\/p>\n<p>\u00a0\u00a0\u00a0\u00a0\u00a0\u00a0\u00a0\u00a0 A UPA regional ser\u00e1 inaugurada na pr\u00f3xima sexta-feira (08) e a previs\u00e3o \u00e9 de que j\u00e1 comece a atender a popula\u00e7\u00e3o durante o final de semana. O Presidente da Funda\u00e7\u00e3o Municipal de Sa\u00fade de Santa Rosa, Dr. Lu\u00eds Ant\u00f4nio Benvegn\u00fa destacou o momento como um passo muito importante nos servi\u00e7os oferecidos de pronto atendimento para a regi\u00e3o. Benvegn\u00fa salienta que at\u00e9 o momento este atendimento tem sido oferecido com muita qualidade e que com os investimentos ampliando esta estrutura de atendimento, a resolutividade o servi\u00e7o ser\u00e1 ainda maior. Para ele a UPA \u00e9 mais um instrumento moderno que ir\u00e1 beneficiar a comunidade\u00a0 local e regional. O prefeito de Santa Rosa Alcides Vicini comemorou o ato como um grande passo da administra\u00e7\u00e3o municipal, que teve todo o cuidado em gerenciar os recursos oriundos de outras esferas com muita compet\u00eancia e capacidade de saber onde aplic\u00e1-los. Anderson Mantei Presidente do Hospital Vida &amp; Sa\u00fade afirma que a entidade ir\u00e1 conseguir qualificar muito o atendimento para comunidade uma vez que este \u00e9 um novo desafio para o Hospital que est\u00e1 crescendo e precisa continuar recebendo o apoio de todos.<\/p>\n<p>No contrato assinado, o recurso repassado \u00e0 entidade administradora ser\u00e1 de R$ 640 mil mensais, com recursos da uni\u00e3o, estado e parte dos munic\u00edpios que fazem parte do COFRON- Cons\u00f3rcio Fronteira Noroeste. A secret\u00e1ria estadual de sa\u00fade do estado Sandra Fagundes j\u00e1 confirmou a presen\u00e7a no ato inaugural.<\/p>\n","protected":false},"excerpt":{"rendered":"<p>Uma solenidade realizada na tarde desta segunda-feira (04) no gabinete do prefeito municipal de Santa&#8230;<\/p>\n","protected":false},"author":11,"featured_media":2165,"comment_status":"open","ping_status":"open","sticky":false,"template":"","format":"standard","meta":{"footnotes":""},"categories":[2],"tags":[],"_links":{"self":[{"href":"https:\/\/www.fumssar.com.br\/index.php?rest_route=\/wp\/v2\/posts\/2162"}],"collection":[{"href":"https:\/\/www.fumssar.com.br\/index.php?rest_route=\/wp\/v2\/posts"}],"about":[{"href":"https:\/\/www.fumssar.com.br\/index.php?rest_route=\/wp\/v2\/types\/post"}],"author":[{"embeddable":true,"href":"https:\/\/www.fumssar.com.br\/index.php?rest_route=\/wp\/v2\/users\/11"}],"replies":[{"embeddable":true,"href":"https:\/\/www.fumssar.com.br\/index.php?rest_route=%2Fwp%2Fv2%2Fcomments&post=2162"}],"version-history":[{"count":1,"href":"https:\/\/www.fumssar.com.br\/index.php?rest_route=\/wp\/v2\/posts\/2162\/revisions"}],"predecessor-version":[{"id":2163,"href":"https:\/\/www.fumssar.com.br\/index.php?rest_route=\/wp\/v2\/posts\/2162\/revisions\/2163"}],"wp:featuredmedia":[{"embeddable":true,"href":"https:\/\/www.fumssar.com.br\/index.php?rest_route=\/wp\/v2\/media\/2165"}],"wp:attachment":[{"href":"https:\/\/www.fumssar.com.br\/index.php?rest_route=%2Fwp%2Fv2%2Fmedia&parent=2162"}],"wp:term":[{"taxonomy":"category","embeddable":true,"href":"https:\/\/www.fumssar.com.br\/index.php?rest_route=%2Fwp%2Fv2%2Fcategories&post=2162"},{"taxonomy":"post_tag","embeddable":true,"href":"https:\/\/www.fumssar.com.br\/index.php?rest_route=%2Fwp%2Fv2%2Ftags&post=2162"}],"curies":[{"name":"wp","href":"https:\/\/api.w.org\/{rel}","templated":true}]}}