{"id":21610,"date":"2022-08-09T16:07:31","date_gmt":"2022-08-09T19:07:31","guid":{"rendered":"http:\/\/www.fumssar.com.br\/?p=21610"},"modified":"2024-10-07T16:33:15","modified_gmt":"2024-10-07T19:33:15","slug":"fumssar-realiza-forum-de-saude-mental","status":"publish","type":"post","link":"https:\/\/www.fumssar.com.br\/?p=21610","title":{"rendered":"FUMSSAR realiza F\u00f3rum de Sa\u00fade Mental"},"content":{"rendered":"\n<figure class=\"wp-block-image\"><img loading=\"lazy\" decoding=\"async\" width=\"860\" height=\"645\" src=\"http:\/\/www.fumssar.com.br\/wp-content\/uploads\/2022\/08\/Formato-Site-e-Portal-860X645-JPG-47.jpg\" alt=\"\" class=\"wp-image-21611\" srcset=\"https:\/\/www.fumssar.com.br\/wp-content\/uploads\/2022\/08\/Formato-Site-e-Portal-860X645-JPG-47.jpg 860w, https:\/\/www.fumssar.com.br\/wp-content\/uploads\/2022\/08\/Formato-Site-e-Portal-860X645-JPG-47-300x225.jpg 300w, https:\/\/www.fumssar.com.br\/wp-content\/uploads\/2022\/08\/Formato-Site-e-Portal-860X645-JPG-47-768x576.jpg 768w\" sizes=\"(max-width: 860px) 100vw, 860px\" \/><\/figure>\n\n\n\n<p>A Funda\u00e7\u00e3o Municipal de Sa\u00fade de Santa Rosa realizou nesta segunda-feira (08), o F\u00f3rum de Sa\u00fade Mental. O evento foi realizado no NEP \u2013 N\u00facleo de Ensino e Pesquisa e fez parte da programa\u00e7\u00e3o oficial do munic\u00edpio, em comemora\u00e7\u00e3o aos 91 anos de Santa Rosa. A a\u00e7\u00e3o teve a participa\u00e7\u00e3o de autoridades e representantes de institui\u00e7\u00f5es que fazem parte da Rede de Aten\u00e7\u00e3o e Cuidado em Sa\u00fade Mental.<\/p>\n\n\n\n<p>As estrat\u00e9gias para o atendimento de sa\u00fade mental, foram alguns dos temas debatidos. O Presidente da FUMSSAR, D\u00e9lcio Stefan, destacou que este assunto precisa ser discutido em rede, na busca de encontrar solu\u00e7\u00f5es e melhorias para o servi\u00e7o, \u201cNunca se falou tanto em sa\u00fade mental como agora. O F\u00f3rum \u00e9 uma atividade de educa\u00e7\u00e3o permanente em sa\u00fade, que tem como objetivo, promover a discuss\u00e3o entre todos os servi\u00e7os da rede de assist\u00eancia em sa\u00fade mental. Uma excelente oportunidade para a troca de experi\u00eancias e para alinharmos o fluxo de atendimento \u00e0 popula\u00e7\u00e3o\u201d.<\/p>\n\n\n\n<p>O evento teve a participa\u00e7\u00e3o online da Secret\u00e1ria de Sa\u00fade do Rio Grande do Sul, Arita Bergmann que parabenizou a Funda\u00e7\u00e3o de Sa\u00fade e a gest\u00e3o municipal pela realiza\u00e7\u00e3o do evento, \u201c\u00c9 um prazer participar, mesmo que distante, de um evento como este que trata de um tema t\u00e3o sens\u00edvel e necess\u00e1rio, como \u00e9 a sa\u00fade mental\u201d. Logo ap\u00f3s a fala da Secret\u00e1ria Arita, o Prefeito Anderson Mantei, tamb\u00e9m ressaltou a import\u00e2ncia do tema, \u201c\u00c9 um assunto important\u00edssimo, pois sabemos que cada dia mais, crian\u00e7as, jovens, adultos e idosos t\u00eam procurado o servi\u00e7o de sa\u00fade mental. Precisamos estar alinhados com todos os setores da Rede de Cuidado, desde a aten\u00e7\u00e3o prim\u00e1ria, secund\u00e1ria e terci\u00e1ria\u201d.<\/p>\n\n\n\n<p>O F\u00f3rum de Sa\u00fade Mental de Santa Rosa contou com a participa\u00e7\u00e3o da Presidente da C\u00e2mara de Vereadores, Cl\u00e9o Brinhol, da Diretora-Geral do Hospital Vida e Sa\u00fade, Vanderli de Barros, do Promotor de Justi\u00e7a do Minist\u00e9rio P\u00fablico de Santa Rosa, Marcelo Squar\u00e7a e da Promotora de Justi\u00e7a Especializada, Ana Paula Mantay. Al\u00e9m disso, secret\u00e1rios, representantes dos conselhos municipais e de entidades tamb\u00e9m prestigiaram o evento.\n\n<\/p>\n","protected":false},"excerpt":{"rendered":"<p>A Funda\u00e7\u00e3o Municipal de Sa\u00fade de Santa Rosa realizou nesta segunda-feira (08), o F\u00f3rum de&#8230;<\/p>\n","protected":false},"author":36,"featured_media":21611,"comment_status":"closed","ping_status":"closed","sticky":false,"template":"","format":"standard","meta":{"footnotes":""},"categories":[2],"tags":[],"_links":{"self":[{"href":"https:\/\/www.fumssar.com.br\/index.php?rest_route=\/wp\/v2\/posts\/21610"}],"collection":[{"href":"https:\/\/www.fumssar.com.br\/index.php?rest_route=\/wp\/v2\/posts"}],"about":[{"href":"https:\/\/www.fumssar.com.br\/index.php?rest_route=\/wp\/v2\/types\/post"}],"author":[{"embeddable":true,"href":"https:\/\/www.fumssar.com.br\/index.php?rest_route=\/wp\/v2\/users\/36"}],"replies":[{"embeddable":true,"href":"https:\/\/www.fumssar.com.br\/index.php?rest_route=%2Fwp%2Fv2%2Fcomments&post=21610"}],"version-history":[{"count":2,"href":"https:\/\/www.fumssar.com.br\/index.php?rest_route=\/wp\/v2\/posts\/21610\/revisions"}],"predecessor-version":[{"id":21614,"href":"https:\/\/www.fumssar.com.br\/index.php?rest_route=\/wp\/v2\/posts\/21610\/revisions\/21614"}],"wp:featuredmedia":[{"embeddable":true,"href":"https:\/\/www.fumssar.com.br\/index.php?rest_route=\/wp\/v2\/media\/21611"}],"wp:attachment":[{"href":"https:\/\/www.fumssar.com.br\/index.php?rest_route=%2Fwp%2Fv2%2Fmedia&parent=21610"}],"wp:term":[{"taxonomy":"category","embeddable":true,"href":"https:\/\/www.fumssar.com.br\/index.php?rest_route=%2Fwp%2Fv2%2Fcategories&post=21610"},{"taxonomy":"post_tag","embeddable":true,"href":"https:\/\/www.fumssar.com.br\/index.php?rest_route=%2Fwp%2Fv2%2Ftags&post=21610"}],"curies":[{"name":"wp","href":"https:\/\/api.w.org\/{rel}","templated":true}]}}