{"id":21600,"date":"2022-08-22T07:30:07","date_gmt":"2022-08-22T10:30:07","guid":{"rendered":"http:\/\/www.fumssar.com.br\/?p=21600"},"modified":"2022-08-22T15:23:35","modified_gmt":"2022-08-22T18:23:35","slug":"chamamento-publico-06-2022","status":"publish","type":"post","link":"https:\/\/www.fumssar.com.br\/?p=21600","title":{"rendered":"Chamamento P\u00fablico 06\/2022"},"content":{"rendered":"\n<p>A Funda\u00e7\u00e3o Municipal de Sa\u00fade de Santa Rosa &#8211; FUMSSAR comunica os interessados que est\u00e1 procedendo ao CREDENCIAMENTO de pessoas jur\u00eddicas para <a><strong>PRESTA\u00c7\u00c3O<\/strong><\/a><strong> DE SERVI\u00c7OS DE SA\u00daDE NA \u00c1REA DE PSIQUIATRIA, <\/strong>para atendimentos junto ao <a>CAPS II Novo Rumo e CAPS AD Movimento.<\/a><\/p>\n\n\n\n<div class=\"wp-block-file\"><a href=\"http:\/\/www.fumssar.com.br\/wp-content\/uploads\/2022\/08\/06-2022-EDITAL-M\u00c9DICO-PSIQUIATRA.pdf\">06-2022-EDITAL-M\u00c9DICO-PSIQUIATRA<\/a><a href=\"http:\/\/www.fumssar.com.br\/wp-content\/uploads\/2022\/08\/06-2022-EDITAL-M\u00c9DICO-PSIQUIATRA.pdf\" class=\"wp-block-file__button\" download>Baixar<\/a><\/div>\n\n\n\n<ol><li>O per\u00edodo para credenciamento das empresas que preencherem as condi\u00e7\u00f5es previstas nesse edital, ser\u00e1 de 15 dias a partir da publica\u00e7\u00e3o deste (23\/07\/2022 a 06\/08\/2022), podendo ser prorrogado, a crit\u00e9rio da Administra\u00e7\u00e3o.<\/li><\/ol>\n\n\n\n<p><strong>AVISO DE PRORROGA\u00c7\u00c3O DE PRAZO DE CREDENCIAMENTO \u2013 CHAMAMENTO P\u00daBLICO N\u00ba 06\/2022<\/strong><\/p>\n\n\n\n<p>A Funda\u00e7\u00e3o Municipal de Sa\u00fade de Santa Rosa \u2013 FUMSSAR, torna p\u00fablico,\npara conhecimento dos interessados, <strong>que foi prorrogado por mais 15 dias,<\/strong>\nde 07\/08\/2022 a 21\/08\/2022, o prazo para credenciamento de pessoas jur\u00eddicas\ninteressadas em participar do Chamamento P\u00fablico n\u00ba 06\/2022 &#8211; P<a>resta\u00e7\u00e3o<\/a> de servi\u00e7os de sa\u00fade na \u00e1rea de Psiquiatria,\nconforme especifica\u00e7\u00f5es descritas no edital.<\/p>\n\n\n\n<p>&nbsp;As\ndemais cl\u00e1usulas do Edital de Chamamento P\u00fablico n\u00ba 06\/2022 permanecem\ninalteradas.<\/p>\n\n\n\n<p>Santa Rosa, 08 de agosto de 2022.<\/p>\n\n\n\n<p><strong>AVISO DE PRORROGA\u00c7\u00c3O DE PRAZO DE CREDENCIAMENTO \u2013 CHAMAMENTO P\u00daBLICO N\u00ba 06\/2022<\/strong><\/p>\n\n\n\n<p>A Funda\u00e7\u00e3o Municipal de Sa\u00fade de Santa Rosa \u2013 FUMSSAR, torna p\u00fablico, para conhecimento dos interessados, <strong>que foi prorrogado por mais 15 dias,<\/strong> <strong>de 22\/08\/2022 a 05\/09\/2022<\/strong>, o prazo para credenciamento de pessoas jur\u00eddicas interessadas em participar do Chamamento P\u00fablico n\u00ba 06\/2022 &#8211; P<a>resta\u00e7\u00e3o<\/a> de servi\u00e7os de sa\u00fade na \u00e1rea de Psiquiatria, conforme especifica\u00e7\u00f5es descritas no edital.<\/p>\n\n\n\n<p>&nbsp;As\ndemais cl\u00e1usulas do Edital de Chamamento P\u00fablico n\u00ba 06\/2022 permanecem\ninalteradas.<\/p>\n\n\n\n<table class=\"wp-block-table\"><tbody><tr><td>   &nbsp;   Rog\u00e9rio Silva dos   Santos  <br> Diretor   de Gest\u00e3o Administrativa   <\/td><td>   &nbsp;   D\u00e9lcio Stefan   <br>          Presidente   <\/td><\/tr><\/tbody><\/table>\n\n\n\n<div class=\"wp-block-file\"><a href=\"http:\/\/www.fumssar.com.br\/wp-content\/uploads\/2022\/08\/PRORROGA\u00c7\u00c3O-DE-PRAZO-CREDENCIAMENTO.pdf\">PRORROGA\u00c7\u00c3O-DE-PRAZO-CREDENCIAMENTO<\/a><a href=\"http:\/\/www.fumssar.com.br\/wp-content\/uploads\/2022\/08\/PRORROGA\u00c7\u00c3O-DE-PRAZO-CREDENCIAMENTO.pdf\" class=\"wp-block-file__button\" download>Baixar<\/a><\/div>\n\n\n\n<div class=\"wp-block-file\"><a href=\"http:\/\/www.fumssar.com.br\/wp-content\/uploads\/2022\/08\/PRORROGA\u00c7\u00c3O-DE-PRAZO-CREDENCIAMENTO-02.pdf\">PRORROGA\u00c7\u00c3O-DE-PRAZO-CREDENCIAMENTO-02<\/a><a href=\"http:\/\/www.fumssar.com.br\/wp-content\/uploads\/2022\/08\/PRORROGA\u00c7\u00c3O-DE-PRAZO-CREDENCIAMENTO-02.pdf\" class=\"wp-block-file__button\" download>Baixar<\/a><\/div>\n","protected":false},"excerpt":{"rendered":"<p>A Funda\u00e7\u00e3o Municipal de Sa\u00fade de Santa Rosa &#8211; FUMSSAR comunica os interessados que est\u00e1&#8230;<\/p>\n","protected":false},"author":39,"featured_media":0,"comment_status":"open","ping_status":"open","sticky":false,"template":"","format":"standard","meta":{"footnotes":""},"categories":[192],"tags":[],"_links":{"self":[{"href":"https:\/\/www.fumssar.com.br\/index.php?rest_route=\/wp\/v2\/posts\/21600"}],"collection":[{"href":"https:\/\/www.fumssar.com.br\/index.php?rest_route=\/wp\/v2\/posts"}],"about":[{"href":"https:\/\/www.fumssar.com.br\/index.php?rest_route=\/wp\/v2\/types\/post"}],"author":[{"embeddable":true,"href":"https:\/\/www.fumssar.com.br\/index.php?rest_route=\/wp\/v2\/users\/39"}],"replies":[{"embeddable":true,"href":"https:\/\/www.fumssar.com.br\/index.php?rest_route=%2Fwp%2Fv2%2Fcomments&post=21600"}],"version-history":[{"count":4,"href":"https:\/\/www.fumssar.com.br\/index.php?rest_route=\/wp\/v2\/posts\/21600\/revisions"}],"predecessor-version":[{"id":21697,"href":"https:\/\/www.fumssar.com.br\/index.php?rest_route=\/wp\/v2\/posts\/21600\/revisions\/21697"}],"wp:attachment":[{"href":"https:\/\/www.fumssar.com.br\/index.php?rest_route=%2Fwp%2Fv2%2Fmedia&parent=21600"}],"wp:term":[{"taxonomy":"category","embeddable":true,"href":"https:\/\/www.fumssar.com.br\/index.php?rest_route=%2Fwp%2Fv2%2Fcategories&post=21600"},{"taxonomy":"post_tag","embeddable":true,"href":"https:\/\/www.fumssar.com.br\/index.php?rest_route=%2Fwp%2Fv2%2Ftags&post=21600"}],"curies":[{"name":"wp","href":"https:\/\/api.w.org\/{rel}","templated":true}]}}