{"id":21595,"date":"2022-07-28T09:24:38","date_gmt":"2022-07-28T12:24:38","guid":{"rendered":"http:\/\/www.fumssar.com.br\/?p=21595"},"modified":"2022-08-06T09:26:24","modified_gmt":"2022-08-06T12:26:24","slug":"inexigibilidade-no-41-2022","status":"publish","type":"post","link":"https:\/\/www.fumssar.com.br\/?p=21595","title":{"rendered":"INEXIGIBILIDADE N\u00ba 41\/2022"},"content":{"rendered":"\n<p><strong>CONTRATANTE: <\/strong>Funda\u00e7\u00e3o Municipal de Sa\u00fade de Santa Rosa \u2013 FUMSSAR<\/p>\n\n\n\n<p><strong>OBJETO: <\/strong>Publica\u00e7\u00e3o em Jornais Locais Alusivo ao anivers\u00e1rio\nde 91 anos do munic\u00edpio .<\/p>\n\n\n\n<p><strong>PROCESSO ADMINISTRATIVO N.\u00ba <\/strong>40769\/2022<\/p>\n\n\n\n<p><strong>CONTRATADOS<\/strong><strong>:<\/strong> <\/p>\n\n\n\n<table class=\"wp-block-table\"><tbody><tr><td>\n  <strong>&nbsp;<\/strong>\n  <strong>EMPRESA<\/strong>\n  <\/td><td>\n  <strong>&nbsp;<\/strong>\n  <strong>CNPJ<\/strong>\n  <\/td><td>  <strong>VALOR TOTAL<\/strong>   <\/td><\/tr><tr><td>\n  &nbsp;\n  PORTAL PLURAL LTDA\n  <\/td><td>\n  &nbsp;\n  33.399.955\/0001-12\n  <\/td><td>\n  R$ 550,00\n  <\/td><\/tr><tr><td>\n  &nbsp;\n  EMPRESA JOR. GRUPO ED. ARMANJE LTDA\n  <\/td><td>\n  &nbsp;\n  10.418.021\/0001-85\n  <\/td><td>\n  R$\n  700,00\n  <\/td><\/tr><tr><td>\n  &nbsp;\n  EMPRESA JORNALISTICA NOROESTE\n  <\/td><td>\n  &nbsp;\n  87.687.703\/0001-18\n  <\/td><td>\n  R$\n  500,00\n  <\/td><\/tr><tr><td>\n  &nbsp;\n  <\/td><td>\n  &nbsp;\n  &nbsp;\n  <\/td><td><strong>TOTAL R$ 1.750,00<\/strong>   <\/td><\/tr><\/tbody><\/table>\n\n\n\n<p><strong>FUNDAMENTO LEGAL:<\/strong><strong> <\/strong>Com base no art. 25,\n\u201cCaput\u201d da Lei Federal n.\u00ba 8.666\/93 e suas altera\u00e7\u00f5es.<\/p>\n\n\n\n<p>Santa Rosa, 28 de Julho de\n2022.<\/p>\n\n\n\n<table class=\"wp-block-table\"><tbody><tr><td><\/td><\/tr><tr><td><\/td><td>Rog\u00e9rio Silva dos Santos       <br>Diretor de Gest\u00e3o Administrativa                     \u00a0                       \u00a0                    \u00a0<\/td><\/tr><\/tbody><\/table>\n","protected":false},"excerpt":{"rendered":"<p>CONTRATANTE: Funda\u00e7\u00e3o Municipal de Sa\u00fade de Santa Rosa \u2013 FUMSSAR OBJETO: Publica\u00e7\u00e3o em Jornais Locais&#8230;<\/p>\n","protected":false},"author":39,"featured_media":0,"comment_status":"open","ping_status":"open","sticky":false,"template":"","format":"standard","meta":{"footnotes":""},"categories":[195],"tags":[],"_links":{"self":[{"href":"https:\/\/www.fumssar.com.br\/index.php?rest_route=\/wp\/v2\/posts\/21595"}],"collection":[{"href":"https:\/\/www.fumssar.com.br\/index.php?rest_route=\/wp\/v2\/posts"}],"about":[{"href":"https:\/\/www.fumssar.com.br\/index.php?rest_route=\/wp\/v2\/types\/post"}],"author":[{"embeddable":true,"href":"https:\/\/www.fumssar.com.br\/index.php?rest_route=\/wp\/v2\/users\/39"}],"replies":[{"embeddable":true,"href":"https:\/\/www.fumssar.com.br\/index.php?rest_route=%2Fwp%2Fv2%2Fcomments&post=21595"}],"version-history":[{"count":1,"href":"https:\/\/www.fumssar.com.br\/index.php?rest_route=\/wp\/v2\/posts\/21595\/revisions"}],"predecessor-version":[{"id":21596,"href":"https:\/\/www.fumssar.com.br\/index.php?rest_route=\/wp\/v2\/posts\/21595\/revisions\/21596"}],"wp:attachment":[{"href":"https:\/\/www.fumssar.com.br\/index.php?rest_route=%2Fwp%2Fv2%2Fmedia&parent=21595"}],"wp:term":[{"taxonomy":"category","embeddable":true,"href":"https:\/\/www.fumssar.com.br\/index.php?rest_route=%2Fwp%2Fv2%2Fcategories&post=21595"},{"taxonomy":"post_tag","embeddable":true,"href":"https:\/\/www.fumssar.com.br\/index.php?rest_route=%2Fwp%2Fv2%2Ftags&post=21595"}],"curies":[{"name":"wp","href":"https:\/\/api.w.org\/{rel}","templated":true}]}}