{"id":21560,"date":"2022-08-05T17:46:04","date_gmt":"2022-08-05T20:46:04","guid":{"rendered":"http:\/\/www.fumssar.com.br\/?p=21560"},"modified":"2024-10-07T16:33:15","modified_gmt":"2024-10-07T19:33:15","slug":"fumssar-realiza-o-lancamento-do-projeto-selo-saude-na-empresa","status":"publish","type":"post","link":"https:\/\/www.fumssar.com.br\/?p=21560","title":{"rendered":"FUMSSAR realiza o lan\u00e7amento do projeto: Selo &#8220;Sa\u00fade na Empresa&#8221;"},"content":{"rendered":"\n<figure class=\"wp-block-image\"><img loading=\"lazy\" decoding=\"async\" width=\"860\" height=\"645\" src=\"http:\/\/www.fumssar.com.br\/wp-content\/uploads\/2022\/08\/Formato-Site-e-Portal-860X645-JPG-43.jpg\" alt=\"\" class=\"wp-image-21561\" srcset=\"https:\/\/www.fumssar.com.br\/wp-content\/uploads\/2022\/08\/Formato-Site-e-Portal-860X645-JPG-43.jpg 860w, https:\/\/www.fumssar.com.br\/wp-content\/uploads\/2022\/08\/Formato-Site-e-Portal-860X645-JPG-43-300x225.jpg 300w, https:\/\/www.fumssar.com.br\/wp-content\/uploads\/2022\/08\/Formato-Site-e-Portal-860X645-JPG-43-768x576.jpg 768w\" sizes=\"(max-width: 860px) 100vw, 860px\" \/><\/figure>\n\n\n\n<p> A Funda\u00e7\u00e3o Municipal de Sa\u00fade de Santa Rosa realizou na manh\u00e3 desta sexta-feira (05), o Lan\u00e7amento do projeto: Selo &#8220;Sa\u00fade na Empresa&#8221;. A a\u00e7\u00e3o aconteceu no audit\u00f3rio da FUMSSAR, com a participa\u00e7\u00e3o de autoridades e representantes da empresa Nelson do Brasil, que aderiu ao projeto piloto. O objetivo \u00e9 desenvolver a\u00e7\u00f5es para a melhoria dos indicadores da sa\u00fade dos trabalhadores de Santa Rosa. O trabalho vai ser realizado atrav\u00e9s de parcerias com empresas dos diversos ramos produtivos, que ap\u00f3s o cumprimento de algumas metas, v\u00e3o receber um Selo Municipal de \u201cSa\u00fade na Empresa\u201d.<\/p>\n\n\n\n<p>A atividade fez parte da programa\u00e7\u00e3o do anivers\u00e1rio de Santa Rosa. A data de hoje foi escolhida para o lan\u00e7amento, pois tamb\u00e9m celebra, o Dia Nacional da Sa\u00fade. O Presidente da FUMSSAR, D\u00e9lcio Stefan, destacou o objetivo do projeto, \u201cO Selo foi criado com a inten\u00e7\u00e3o de promover a cultura do cuidado da sa\u00fade do trabalhador e potencializar o pleno emprego. A partir de a\u00e7\u00f5es desenvolvidas pelas empresas, vai ser poss\u00edvel realizar a preven\u00e7\u00e3o de doen\u00e7as e proporcionar o cuidado integral da sa\u00fade dos funcion\u00e1rios\u201d. As empresas participantes do projeto, recebem no momento de ades\u00e3o, um certificado de participa\u00e7\u00e3o. Ao todo, s\u00e3o 14 metas de acompanhamento da sa\u00fade do trabalhador, estabelecidas pela Funda\u00e7\u00e3o.<\/p>\n\n\n\n<p>Dentre os objetivos elencados no projeto, est\u00e3o: ampliar a ades\u00e3o dos trabalhadores homens ao pr\u00e9-natal, realizar a\u00e7\u00f5es de combate ao trabalho infantil, aumentar a cobertura de vacinas, ampliar o diagn\u00f3stico precoce do c\u00e2ncer de pr\u00f3stata\/p\u00eanis \/mama\/colo\/col\u00f3n, aumentar em 20%, o cuidado aos pacientes com hipertens\u00e3o e diabetes, ampliar a vigil\u00e2ncia em sa\u00fade das infec\u00e7\u00f5es sexualmente transmiss\u00edveis, realizar o acompanhamento de gestantes, ampliar os grupos de tabagismo, realizar a\u00e7\u00f5es de preven\u00e7\u00e3o ao trabalho infantil, promover atividades para jovens, al\u00e9m de testes de acuidade visual e a\u00e7\u00f5es educativas sobre nutri\u00e7\u00e3o, obesidade e atividade f\u00edsica. Ap\u00f3s o cumprimento das 07 primeiras metas, a empresa vai receber da FUMSSAR, o Selo Prata do projeto. Ao atingir, os 14 objetivos de promo\u00e7\u00e3o da sa\u00fade do trabalhador, o estabelecimento conquista ent\u00e3o, o Selo Ouro Municipal de \u201cSa\u00fade na Empresa\u201d. <\/p>\n\n\n\n<ul class=\"wp-block-gallery columns-1 is-cropped wp-block-gallery-1 is-layout-flex wp-block-gallery-is-layout-flex\"><li class=\"blocks-gallery-item\"><figure><img loading=\"lazy\" decoding=\"async\" width=\"1024\" height=\"768\" src=\"http:\/\/www.fumssar.com.br\/wp-content\/uploads\/2022\/08\/WhatsApp-Image-2022-08-05-at-17.40.11-1024x768.jpeg\" alt=\"\" data-id=\"21562\" data-link=\"http:\/\/www.fumssar.com.br\/?attachment_id=21562\" class=\"wp-image-21562\" srcset=\"https:\/\/www.fumssar.com.br\/wp-content\/uploads\/2022\/08\/WhatsApp-Image-2022-08-05-at-17.40.11-1024x768.jpeg 1024w, https:\/\/www.fumssar.com.br\/wp-content\/uploads\/2022\/08\/WhatsApp-Image-2022-08-05-at-17.40.11-300x225.jpeg 300w, https:\/\/www.fumssar.com.br\/wp-content\/uploads\/2022\/08\/WhatsApp-Image-2022-08-05-at-17.40.11-768x576.jpeg 768w, https:\/\/www.fumssar.com.br\/wp-content\/uploads\/2022\/08\/WhatsApp-Image-2022-08-05-at-17.40.11.jpeg 1156w\" sizes=\"(max-width: 1024px) 100vw, 1024px\" \/><\/figure><\/li><\/ul>\n","protected":false},"excerpt":{"rendered":"<p>A Funda\u00e7\u00e3o Municipal de Sa\u00fade de Santa Rosa realizou na manh\u00e3 desta sexta-feira (05), o&#8230;<\/p>\n","protected":false},"author":36,"featured_media":21561,"comment_status":"closed","ping_status":"closed","sticky":false,"template":"","format":"standard","meta":{"footnotes":""},"categories":[2],"tags":[],"_links":{"self":[{"href":"https:\/\/www.fumssar.com.br\/index.php?rest_route=\/wp\/v2\/posts\/21560"}],"collection":[{"href":"https:\/\/www.fumssar.com.br\/index.php?rest_route=\/wp\/v2\/posts"}],"about":[{"href":"https:\/\/www.fumssar.com.br\/index.php?rest_route=\/wp\/v2\/types\/post"}],"author":[{"embeddable":true,"href":"https:\/\/www.fumssar.com.br\/index.php?rest_route=\/wp\/v2\/users\/36"}],"replies":[{"embeddable":true,"href":"https:\/\/www.fumssar.com.br\/index.php?rest_route=%2Fwp%2Fv2%2Fcomments&post=21560"}],"version-history":[{"count":1,"href":"https:\/\/www.fumssar.com.br\/index.php?rest_route=\/wp\/v2\/posts\/21560\/revisions"}],"predecessor-version":[{"id":21563,"href":"https:\/\/www.fumssar.com.br\/index.php?rest_route=\/wp\/v2\/posts\/21560\/revisions\/21563"}],"wp:featuredmedia":[{"embeddable":true,"href":"https:\/\/www.fumssar.com.br\/index.php?rest_route=\/wp\/v2\/media\/21561"}],"wp:attachment":[{"href":"https:\/\/www.fumssar.com.br\/index.php?rest_route=%2Fwp%2Fv2%2Fmedia&parent=21560"}],"wp:term":[{"taxonomy":"category","embeddable":true,"href":"https:\/\/www.fumssar.com.br\/index.php?rest_route=%2Fwp%2Fv2%2Fcategories&post=21560"},{"taxonomy":"post_tag","embeddable":true,"href":"https:\/\/www.fumssar.com.br\/index.php?rest_route=%2Fwp%2Fv2%2Ftags&post=21560"}],"curies":[{"name":"wp","href":"https:\/\/api.w.org\/{rel}","templated":true}]}}