{"id":21557,"date":"2022-08-04T18:15:00","date_gmt":"2022-08-04T21:15:00","guid":{"rendered":"http:\/\/www.fumssar.com.br\/?p=21557"},"modified":"2024-10-07T16:33:15","modified_gmt":"2024-10-07T19:33:15","slug":"sabado-e-dia-de-mutirao-de-vacinacao-para-criancas-e-adolescentes","status":"publish","type":"post","link":"https:\/\/www.fumssar.com.br\/?p=21557","title":{"rendered":"S\u00e1bado \u00e9 dia de Mutir\u00e3o de Vacina\u00e7\u00e3o para crian\u00e7as e adolescentes"},"content":{"rendered":"\n<figure class=\"wp-block-image\"><img loading=\"lazy\" decoding=\"async\" width=\"1024\" height=\"1024\" src=\"https:\/\/www.fumssar.com.br\/wp-content\/uploads\/2022\/08\/IMG-20220804-WA0079-1024x1024.jpg\" alt=\"\" class=\"wp-image-21558\" srcset=\"https:\/\/www.fumssar.com.br\/wp-content\/uploads\/2022\/08\/IMG-20220804-WA0079-1024x1024.jpg 1024w, https:\/\/www.fumssar.com.br\/wp-content\/uploads\/2022\/08\/IMG-20220804-WA0079-150x150.jpg 150w, https:\/\/www.fumssar.com.br\/wp-content\/uploads\/2022\/08\/IMG-20220804-WA0079-300x300.jpg 300w, https:\/\/www.fumssar.com.br\/wp-content\/uploads\/2022\/08\/IMG-20220804-WA0079-768x768.jpg 768w, https:\/\/www.fumssar.com.br\/wp-content\/uploads\/2022\/08\/IMG-20220804-WA0079.jpg 1080w\" sizes=\"(max-width: 1024px) 100vw, 1024px\" \/><\/figure>\n\n\n\n<p>A Funda\u00e7\u00e3o Municipal de Sa\u00fade de Santa Rosa vai realizar no s\u00e1bado (06), um mutir\u00e3o de vacina\u00e7\u00e3o contra a COVID-19. Podem se vacinar crian\u00e7as e adolescentes de Santa Rosa, dos 03 aos 17 anos completos. A imuniza\u00e7\u00e3o vai ocorrer nas Unidades B\u00e1sicas de Sa\u00fade, do Centro, Cruzeiro e Sulina, das 08h \u00e0s 14h. As crian\u00e7as e adolescentes que forem se vacinar, precisam ir acompanhadas dos pais ou respons\u00e1veis e levar junto certid\u00e3o de nascimento ou CPF, cart\u00e3o SUS e a caderneta de vacina\u00e7\u00e3o. <\/p>\n\n\n\n<p>Foram realizadas desde o in\u00edcio da pandemia, 164.253 vacinas. Do total, 65.112 foram de D1 (Primeira Dose), essa quantidade corresponde a 88% da popula\u00e7\u00e3o vacinada, 60.270 de D2 (Segunda Dose) e 2.300 de D.U (Dose \u00fanica). Com isso, 62.570 pessoas est\u00e3o com a imuniza\u00e7\u00e3o completa, 85% dos santa-rosenses. 29.559 aplica\u00e7\u00f5es s\u00e3o de D.R (Doses de Refor\u00e7o\/D3), ou seja, 47% das pessoas que j\u00e1 t\u00eam a segunda dose ou a dose \u00fanica realizaram o refor\u00e7o. Al\u00e9m disso, foram aplicadas tamb\u00e9m, 7.012 doses adicionais (DA\/D4 ou DR2).<\/p>\n","protected":false},"excerpt":{"rendered":"<p>A Funda\u00e7\u00e3o Municipal de Sa\u00fade de Santa Rosa vai realizar no s\u00e1bado (06), um mutir\u00e3o&#8230;<\/p>\n","protected":false},"author":36,"featured_media":21558,"comment_status":"closed","ping_status":"closed","sticky":false,"template":"","format":"standard","meta":{"footnotes":""},"categories":[152,2],"tags":[],"_links":{"self":[{"href":"https:\/\/www.fumssar.com.br\/index.php?rest_route=\/wp\/v2\/posts\/21557"}],"collection":[{"href":"https:\/\/www.fumssar.com.br\/index.php?rest_route=\/wp\/v2\/posts"}],"about":[{"href":"https:\/\/www.fumssar.com.br\/index.php?rest_route=\/wp\/v2\/types\/post"}],"author":[{"embeddable":true,"href":"https:\/\/www.fumssar.com.br\/index.php?rest_route=\/wp\/v2\/users\/36"}],"replies":[{"embeddable":true,"href":"https:\/\/www.fumssar.com.br\/index.php?rest_route=%2Fwp%2Fv2%2Fcomments&post=21557"}],"version-history":[{"count":1,"href":"https:\/\/www.fumssar.com.br\/index.php?rest_route=\/wp\/v2\/posts\/21557\/revisions"}],"predecessor-version":[{"id":21559,"href":"https:\/\/www.fumssar.com.br\/index.php?rest_route=\/wp\/v2\/posts\/21557\/revisions\/21559"}],"wp:featuredmedia":[{"embeddable":true,"href":"https:\/\/www.fumssar.com.br\/index.php?rest_route=\/wp\/v2\/media\/21558"}],"wp:attachment":[{"href":"https:\/\/www.fumssar.com.br\/index.php?rest_route=%2Fwp%2Fv2%2Fmedia&parent=21557"}],"wp:term":[{"taxonomy":"category","embeddable":true,"href":"https:\/\/www.fumssar.com.br\/index.php?rest_route=%2Fwp%2Fv2%2Fcategories&post=21557"},{"taxonomy":"post_tag","embeddable":true,"href":"https:\/\/www.fumssar.com.br\/index.php?rest_route=%2Fwp%2Fv2%2Ftags&post=21557"}],"curies":[{"name":"wp","href":"https:\/\/api.w.org\/{rel}","templated":true}]}}