{"id":21493,"date":"2022-07-18T16:03:40","date_gmt":"2022-07-18T19:03:40","guid":{"rendered":"http:\/\/www.fumssar.com.br\/?p=21493"},"modified":"2024-10-07T16:33:15","modified_gmt":"2024-10-07T19:33:15","slug":"acoes-de-prevencao-e-saude-sao-realizadas-com-alunos-de-santa-rosa","status":"publish","type":"post","link":"https:\/\/www.fumssar.com.br\/?p=21493","title":{"rendered":"A\u00e7\u00f5es de preven\u00e7\u00e3o e sa\u00fade s\u00e3o realizadas com alunos de Santa Rosa"},"content":{"rendered":"\n<figure class=\"wp-block-image\"><img loading=\"lazy\" decoding=\"async\" width=\"1024\" height=\"768\" src=\"http:\/\/www.fumssar.com.br\/wp-content\/uploads\/2022\/07\/WhatsApp-Image-2022-07-13-at-18.02.24-1024x768.jpeg\" alt=\"\" class=\"wp-image-21494\" srcset=\"https:\/\/www.fumssar.com.br\/wp-content\/uploads\/2022\/07\/WhatsApp-Image-2022-07-13-at-18.02.24-1024x768.jpeg 1024w, https:\/\/www.fumssar.com.br\/wp-content\/uploads\/2022\/07\/WhatsApp-Image-2022-07-13-at-18.02.24-300x225.jpeg 300w, https:\/\/www.fumssar.com.br\/wp-content\/uploads\/2022\/07\/WhatsApp-Image-2022-07-13-at-18.02.24-768x576.jpeg 768w, https:\/\/www.fumssar.com.br\/wp-content\/uploads\/2022\/07\/WhatsApp-Image-2022-07-13-at-18.02.24.jpeg 1600w\" sizes=\"(max-width: 1024px) 100vw, 1024px\" \/><\/figure>\n\n\n\n<p>A Funda\u00e7\u00e3o Municipal de Sa\u00fade de Santa Rosa atrav\u00e9s das equipes das Unidades B\u00e1sicas de Sa\u00fade, t\u00eam realizado visitas nas escolas do munic\u00edpio. A a\u00e7\u00e3o faz parte do Programa Sa\u00fade na Escola &#8211; PSE, que desenvolve atividades de preven\u00e7\u00e3o de doen\u00e7as e incentiva h\u00e1bitos saud\u00e1veis, como a pr\u00e1tica de atividades f\u00edsicas. Nos encontros, os estudantes recebem orienta\u00e7\u00e3o nutricional e auditiva e dicas para uma alimenta\u00e7\u00e3o saud\u00e1vel. O objetivo \u00e9 promover a sa\u00fade e contribuir para uma forma\u00e7\u00e3o integral dos alunos.<\/p>\n\n\n\n<p>Dentre as a\u00e7\u00f5es realizadas, s\u00e3o medidos o peso e a altura das crian\u00e7as. Al\u00e9m disso, o programa tamb\u00e9m contempla orienta\u00e7\u00f5es sobre higiene e sa\u00fade bucal e de preven\u00e7\u00e3o contra a Dengue. A Coordenadora do PSE, Andr\u00e9a Bauken, destacou que as atividades auxiliam na qualidade de vida dos alunos, \u201cQuando a gente fala para as crian\u00e7as e adolescentes, a gente cria multiplicadores e faz com que eles levem para casa as informa\u00e7\u00f5es obtidas aqui na escola. Isso cria uma rede maior que pode ser capaz de promover preven\u00e7\u00e3o e sa\u00fade para todos\u201d. Durante a visita, tamb\u00e9m s\u00e3o revisadas as cadernetas de vacina\u00e7\u00e3o dos escolares.<\/p>\n\n\n\n<ul class=\"wp-block-gallery columns-3 is-cropped wp-block-gallery-1 is-layout-flex wp-block-gallery-is-layout-flex\"><li class=\"blocks-gallery-item\"><figure><img loading=\"lazy\" decoding=\"async\" width=\"1024\" height=\"768\" src=\"http:\/\/www.fumssar.com.br\/wp-content\/uploads\/2022\/07\/WhatsApp-Image-2022-07-06-at-15.35.38-1024x768.jpeg\" alt=\"\" data-id=\"21495\" data-link=\"http:\/\/www.fumssar.com.br\/?attachment_id=21495\" class=\"wp-image-21495\" srcset=\"https:\/\/www.fumssar.com.br\/wp-content\/uploads\/2022\/07\/WhatsApp-Image-2022-07-06-at-15.35.38-1024x768.jpeg 1024w, https:\/\/www.fumssar.com.br\/wp-content\/uploads\/2022\/07\/WhatsApp-Image-2022-07-06-at-15.35.38-300x225.jpeg 300w, https:\/\/www.fumssar.com.br\/wp-content\/uploads\/2022\/07\/WhatsApp-Image-2022-07-06-at-15.35.38-768x576.jpeg 768w, https:\/\/www.fumssar.com.br\/wp-content\/uploads\/2022\/07\/WhatsApp-Image-2022-07-06-at-15.35.38.jpeg 1600w\" sizes=\"(max-width: 1024px) 100vw, 1024px\" \/><\/figure><\/li><li class=\"blocks-gallery-item\"><figure><img loading=\"lazy\" decoding=\"async\" width=\"1024\" height=\"768\" src=\"http:\/\/www.fumssar.com.br\/wp-content\/uploads\/2022\/07\/WhatsApp-Image-2022-07-13-at-18.02.23-1024x768.jpeg\" alt=\"\" data-id=\"21497\" data-link=\"http:\/\/www.fumssar.com.br\/?attachment_id=21497\" class=\"wp-image-21497\" srcset=\"https:\/\/www.fumssar.com.br\/wp-content\/uploads\/2022\/07\/WhatsApp-Image-2022-07-13-at-18.02.23-1024x768.jpeg 1024w, https:\/\/www.fumssar.com.br\/wp-content\/uploads\/2022\/07\/WhatsApp-Image-2022-07-13-at-18.02.23-300x225.jpeg 300w, https:\/\/www.fumssar.com.br\/wp-content\/uploads\/2022\/07\/WhatsApp-Image-2022-07-13-at-18.02.23-768x576.jpeg 768w, https:\/\/www.fumssar.com.br\/wp-content\/uploads\/2022\/07\/WhatsApp-Image-2022-07-13-at-18.02.23.jpeg 1600w\" sizes=\"(max-width: 1024px) 100vw, 1024px\" \/><\/figure><\/li><li class=\"blocks-gallery-item\"><figure><img loading=\"lazy\" decoding=\"async\" width=\"1024\" height=\"768\" src=\"http:\/\/www.fumssar.com.br\/wp-content\/uploads\/2022\/07\/WhatsApp-Image-2022-07-06-at-15.48.13-1-1024x768.jpeg\" alt=\"\" data-id=\"21498\" data-link=\"http:\/\/www.fumssar.com.br\/?attachment_id=21498\" class=\"wp-image-21498\" srcset=\"https:\/\/www.fumssar.com.br\/wp-content\/uploads\/2022\/07\/WhatsApp-Image-2022-07-06-at-15.48.13-1-1024x768.jpeg 1024w, https:\/\/www.fumssar.com.br\/wp-content\/uploads\/2022\/07\/WhatsApp-Image-2022-07-06-at-15.48.13-1-300x225.jpeg 300w, https:\/\/www.fumssar.com.br\/wp-content\/uploads\/2022\/07\/WhatsApp-Image-2022-07-06-at-15.48.13-1-768x576.jpeg 768w, https:\/\/www.fumssar.com.br\/wp-content\/uploads\/2022\/07\/WhatsApp-Image-2022-07-06-at-15.48.13-1.jpeg 1600w\" sizes=\"(max-width: 1024px) 100vw, 1024px\" \/><\/figure><\/li><\/ul>\n","protected":false},"excerpt":{"rendered":"<p>A Funda\u00e7\u00e3o Municipal de Sa\u00fade de Santa Rosa atrav\u00e9s das equipes das Unidades B\u00e1sicas de&#8230;<\/p>\n","protected":false},"author":36,"featured_media":21494,"comment_status":"closed","ping_status":"closed","sticky":false,"template":"","format":"standard","meta":{"footnotes":""},"categories":[2],"tags":[],"_links":{"self":[{"href":"https:\/\/www.fumssar.com.br\/index.php?rest_route=\/wp\/v2\/posts\/21493"}],"collection":[{"href":"https:\/\/www.fumssar.com.br\/index.php?rest_route=\/wp\/v2\/posts"}],"about":[{"href":"https:\/\/www.fumssar.com.br\/index.php?rest_route=\/wp\/v2\/types\/post"}],"author":[{"embeddable":true,"href":"https:\/\/www.fumssar.com.br\/index.php?rest_route=\/wp\/v2\/users\/36"}],"replies":[{"embeddable":true,"href":"https:\/\/www.fumssar.com.br\/index.php?rest_route=%2Fwp%2Fv2%2Fcomments&post=21493"}],"version-history":[{"count":1,"href":"https:\/\/www.fumssar.com.br\/index.php?rest_route=\/wp\/v2\/posts\/21493\/revisions"}],"predecessor-version":[{"id":21499,"href":"https:\/\/www.fumssar.com.br\/index.php?rest_route=\/wp\/v2\/posts\/21493\/revisions\/21499"}],"wp:featuredmedia":[{"embeddable":true,"href":"https:\/\/www.fumssar.com.br\/index.php?rest_route=\/wp\/v2\/media\/21494"}],"wp:attachment":[{"href":"https:\/\/www.fumssar.com.br\/index.php?rest_route=%2Fwp%2Fv2%2Fmedia&parent=21493"}],"wp:term":[{"taxonomy":"category","embeddable":true,"href":"https:\/\/www.fumssar.com.br\/index.php?rest_route=%2Fwp%2Fv2%2Fcategories&post=21493"},{"taxonomy":"post_tag","embeddable":true,"href":"https:\/\/www.fumssar.com.br\/index.php?rest_route=%2Fwp%2Fv2%2Ftags&post=21493"}],"curies":[{"name":"wp","href":"https:\/\/api.w.org\/{rel}","templated":true}]}}