{"id":21487,"date":"2022-07-15T15:02:16","date_gmt":"2022-07-15T18:02:16","guid":{"rendered":"http:\/\/www.fumssar.com.br\/?p=21487"},"modified":"2024-10-07T16:33:15","modified_gmt":"2024-10-07T19:33:15","slug":"presidente-da-fumssar-participa-de-congresso-nacional-sobre-saude-publica","status":"publish","type":"post","link":"https:\/\/www.fumssar.com.br\/?p=21487","title":{"rendered":"Presidente da FUMSSAR participa de congresso nacional sobre Sa\u00fade P\u00fablica"},"content":{"rendered":"\n<figure class=\"wp-block-image\"><img loading=\"lazy\" decoding=\"async\" width=\"500\" height=\"375\" src=\"http:\/\/www.fumssar.com.br\/wp-content\/uploads\/2022\/07\/Formato-Intranet-500x375-33.jpg\" alt=\"\" class=\"wp-image-21488\" srcset=\"https:\/\/www.fumssar.com.br\/wp-content\/uploads\/2022\/07\/Formato-Intranet-500x375-33.jpg 500w, https:\/\/www.fumssar.com.br\/wp-content\/uploads\/2022\/07\/Formato-Intranet-500x375-33-300x225.jpg 300w\" sizes=\"(max-width: 500px) 100vw, 500px\" \/><\/figure>\n\n\n\n<p>O Presidente da Funda\u00e7\u00e3o Municipal de Sa\u00fade de Santa Rosa, D\u00e9lcio Stefan est\u00e1 participando desde a ter\u00e7a-feira (12), do 36\u00ba Congresso do Conasems \u2013 Conselho Nacional de Secretarias Municipais de Sa\u00fade. O evento acontece em Campo Grande, no Mato Grosso do Sul. O congresso conta com uma ampla programa\u00e7\u00e3o que re\u00fane gestores, trabalhadores e profissionais do Sistema \u00danico de Sa\u00fade (SUS), de todos os estados do pa\u00eds.<\/p>\n\n\n\n<p>Dentre os assuntos debatidos, est\u00e3o temas importantes para a gest\u00e3o municipal de sa\u00fade p\u00fablica, como: fortalecimento da Aten\u00e7\u00e3o B\u00e1sica, financiamento e gest\u00e3o e o SUS e a pandemia da Covid-19. Al\u00e9m disso, est\u00e3o sendo realizadas atividades paralelas sobre regionaliza\u00e7\u00e3o, assist\u00eancia farmac\u00eautica, sa\u00fade mental e judicializa\u00e7\u00e3o. O Presidente da FUMSSAR, D\u00e9lcio Stefan, destacou a import\u00e2ncia de encontros como esse, \u201cEstamos aqui representando Santa Rosa. S\u00e3o dias de muito aprendizado, onde conseguimos compartilhar experi\u00eancias exitosas do nosso munic\u00edpio e tratar assuntos relevantes para a gest\u00e3o p\u00fablica em sa\u00fade\u201d. O evento encerra nesta sexta-feira (15). Ao todo, mais de 6 mil pessoas entre secret\u00e1rios, coordenadores e apoiadores dos conselhos regionais de sa\u00fade de todo o Brasil, participam do XXXVI Congresso do Conasems.<\/p>\n","protected":false},"excerpt":{"rendered":"<p>O Presidente da Funda\u00e7\u00e3o Municipal de Sa\u00fade de Santa Rosa, D\u00e9lcio Stefan est\u00e1 participando desde&#8230;<\/p>\n","protected":false},"author":36,"featured_media":21488,"comment_status":"closed","ping_status":"closed","sticky":false,"template":"","format":"standard","meta":{"footnotes":""},"categories":[2],"tags":[],"_links":{"self":[{"href":"https:\/\/www.fumssar.com.br\/index.php?rest_route=\/wp\/v2\/posts\/21487"}],"collection":[{"href":"https:\/\/www.fumssar.com.br\/index.php?rest_route=\/wp\/v2\/posts"}],"about":[{"href":"https:\/\/www.fumssar.com.br\/index.php?rest_route=\/wp\/v2\/types\/post"}],"author":[{"embeddable":true,"href":"https:\/\/www.fumssar.com.br\/index.php?rest_route=\/wp\/v2\/users\/36"}],"replies":[{"embeddable":true,"href":"https:\/\/www.fumssar.com.br\/index.php?rest_route=%2Fwp%2Fv2%2Fcomments&post=21487"}],"version-history":[{"count":1,"href":"https:\/\/www.fumssar.com.br\/index.php?rest_route=\/wp\/v2\/posts\/21487\/revisions"}],"predecessor-version":[{"id":21489,"href":"https:\/\/www.fumssar.com.br\/index.php?rest_route=\/wp\/v2\/posts\/21487\/revisions\/21489"}],"wp:featuredmedia":[{"embeddable":true,"href":"https:\/\/www.fumssar.com.br\/index.php?rest_route=\/wp\/v2\/media\/21488"}],"wp:attachment":[{"href":"https:\/\/www.fumssar.com.br\/index.php?rest_route=%2Fwp%2Fv2%2Fmedia&parent=21487"}],"wp:term":[{"taxonomy":"category","embeddable":true,"href":"https:\/\/www.fumssar.com.br\/index.php?rest_route=%2Fwp%2Fv2%2Fcategories&post=21487"},{"taxonomy":"post_tag","embeddable":true,"href":"https:\/\/www.fumssar.com.br\/index.php?rest_route=%2Fwp%2Fv2%2Ftags&post=21487"}],"curies":[{"name":"wp","href":"https:\/\/api.w.org\/{rel}","templated":true}]}}