{"id":21476,"date":"2022-07-12T16:06:47","date_gmt":"2022-07-12T19:06:47","guid":{"rendered":"http:\/\/www.fumssar.com.br\/?p=21476"},"modified":"2024-10-07T16:33:15","modified_gmt":"2024-10-07T19:33:15","slug":"equipe-do-cer-ii-realiza-visitas-tecnicas-nas-ubss","status":"publish","type":"post","link":"https:\/\/www.fumssar.com.br\/?p=21476","title":{"rendered":"Equipe do CER II realiza visitas t\u00e9cnicas nas UBS\u2019s"},"content":{"rendered":"\n<figure class=\"wp-block-image\"><img loading=\"lazy\" decoding=\"async\" width=\"1001\" height=\"720\" src=\"http:\/\/www.fumssar.com.br\/wp-content\/uploads\/2022\/07\/292814599_413843767449609_1217687179287509697_n.jpg\" alt=\"\" class=\"wp-image-21479\" srcset=\"https:\/\/www.fumssar.com.br\/wp-content\/uploads\/2022\/07\/292814599_413843767449609_1217687179287509697_n.jpg 1001w, https:\/\/www.fumssar.com.br\/wp-content\/uploads\/2022\/07\/292814599_413843767449609_1217687179287509697_n-300x216.jpg 300w, https:\/\/www.fumssar.com.br\/wp-content\/uploads\/2022\/07\/292814599_413843767449609_1217687179287509697_n-768x552.jpg 768w\" sizes=\"(max-width: 1001px) 100vw, 1001px\" \/><\/figure>\n\n\n\n<p>Dentre as v\u00e1rias atividades promovidas pela equipe multiprofissional do Centro Especializado em Reabilita\u00e7\u00e3o \u2013 CER II, est\u00e1 a de realizar visitas t\u00e9cnicas nas Unidades B\u00e1sicas de Sa\u00fade. Nas visitas, a equipe participa de reuni\u00f5es com os profissionais que atuam nas UBS\u2019s. Os encontros servem para realizar estudos e discuss\u00f5es de casos al\u00e9m de, articular condutas terap\u00eauticas com os outros componentes da aten\u00e7\u00e3o b\u00e1sica. O objetivo \u00e9 fortalecer o v\u00ednculo entre o servi\u00e7o especializado (CER) e os demais pontos de aten\u00e7\u00e3o \u00e0 sa\u00fade. A a\u00e7\u00e3o faz parte das diretrizes da Rede de Cuidados a Sa\u00fade da Pessoa com Defici\u00eancia, no \u00e2mbito do SUS.<\/p>\n\n\n\n<p>As visitas seguem um itiner\u00e1rio. Ao chegar na UBS, os profissionais do CER II apresentam os fluxos dos Servi\u00e7os de Reabilita\u00e7\u00e3o Intelectual e Auditivo e auxiliam nas discuss\u00f5es de caso, referentes a cada territ\u00f3rio. A Psic\u00f3loga Melissa Franke, destacou a import\u00e2ncia das visitas para a comunidade, \u201cA corresponsabilidade do cuidado \u00e9 muito importante, porque o usu\u00e1rio mesmo estando em um servi\u00e7o especializado, n\u00e3o deixa de pertencer ao seu territ\u00f3rio, ou seja, \u00e0 sua Unidade B\u00e1sica de Sa\u00fade de refer\u00eancia. \u00c9 esta equipe que acompanha toda a vida deste paciente e que, desta forma, possui um v\u00ednculo maior com esta fam\u00edlia e um maior conhecimento a respeito de sua cultura e contexto social.\u201d <\/p>\n\n\n\n<p>Quando se fala em reabilita\u00e7\u00e3o, \u00e9 fundamental pensar em um conjunto de a\u00e7\u00f5es. A equipe multidisciplinar identifica as necessidades do paciente e a partir delas, tra\u00e7a um projeto terap\u00eautico singular que possa proporcionar, o m\u00e1ximo de benef\u00edcios para esta pessoa. A Psic\u00f3loga Aline Kotz, ressaltou que s\u00f3 \u00e9 poss\u00edvel atingir os objetivos, se realmente for constru\u00edda uma ponte entre as equipes da rede de aten\u00e7\u00e3o, \u201cTrabalhar com pessoas na sa\u00fade \u00e9 desafiador para todos n\u00f3s. Se pudermos contar uns com os outros, esse desafio se torna mais leve. Estamos muito felizes, pois j\u00e1 conseguimos ver o resultado desta constru\u00e7\u00e3o. A aproxima\u00e7\u00e3o entre as equipes e a tranquilidade na troca entre os profissionais, fortalece a certeza de que estamos todos fazendo o melhor para o paciente\u201d. Os Centros Especializados em Reabilita\u00e7\u00e3o seguem as disposi\u00e7\u00f5es legais que regulamentam o exerc\u00edcio de cada uma das profiss\u00f5es. Dentre os deveres, est\u00e1 o de atender \u00e0s demandas identificadas no territ\u00f3rio e as metas quantitativas e qualitativas de aten\u00e7\u00e3o \u00e0 sa\u00fade, definidas pelo gestor municipal ou estadual.<\/p>\n","protected":false},"excerpt":{"rendered":"<p>Dentre as v\u00e1rias atividades promovidas pela equipe multiprofissional do Centro Especializado em Reabilita\u00e7\u00e3o \u2013 CER&#8230;<\/p>\n","protected":false},"author":36,"featured_media":21479,"comment_status":"closed","ping_status":"closed","sticky":false,"template":"","format":"standard","meta":{"footnotes":""},"categories":[2],"tags":[],"_links":{"self":[{"href":"https:\/\/www.fumssar.com.br\/index.php?rest_route=\/wp\/v2\/posts\/21476"}],"collection":[{"href":"https:\/\/www.fumssar.com.br\/index.php?rest_route=\/wp\/v2\/posts"}],"about":[{"href":"https:\/\/www.fumssar.com.br\/index.php?rest_route=\/wp\/v2\/types\/post"}],"author":[{"embeddable":true,"href":"https:\/\/www.fumssar.com.br\/index.php?rest_route=\/wp\/v2\/users\/36"}],"replies":[{"embeddable":true,"href":"https:\/\/www.fumssar.com.br\/index.php?rest_route=%2Fwp%2Fv2%2Fcomments&post=21476"}],"version-history":[{"count":2,"href":"https:\/\/www.fumssar.com.br\/index.php?rest_route=\/wp\/v2\/posts\/21476\/revisions"}],"predecessor-version":[{"id":21480,"href":"https:\/\/www.fumssar.com.br\/index.php?rest_route=\/wp\/v2\/posts\/21476\/revisions\/21480"}],"wp:featuredmedia":[{"embeddable":true,"href":"https:\/\/www.fumssar.com.br\/index.php?rest_route=\/wp\/v2\/media\/21479"}],"wp:attachment":[{"href":"https:\/\/www.fumssar.com.br\/index.php?rest_route=%2Fwp%2Fv2%2Fmedia&parent=21476"}],"wp:term":[{"taxonomy":"category","embeddable":true,"href":"https:\/\/www.fumssar.com.br\/index.php?rest_route=%2Fwp%2Fv2%2Fcategories&post=21476"},{"taxonomy":"post_tag","embeddable":true,"href":"https:\/\/www.fumssar.com.br\/index.php?rest_route=%2Fwp%2Fv2%2Ftags&post=21476"}],"curies":[{"name":"wp","href":"https:\/\/api.w.org\/{rel}","templated":true}]}}