{"id":21470,"date":"2022-07-11T16:55:08","date_gmt":"2022-07-11T19:55:08","guid":{"rendered":"http:\/\/www.fumssar.com.br\/?p=21470"},"modified":"2024-10-07T16:33:15","modified_gmt":"2024-10-07T19:33:15","slug":"informativo-6","status":"publish","type":"post","link":"https:\/\/www.fumssar.com.br\/?p=21470","title":{"rendered":"INFORMATIVO"},"content":{"rendered":"\n<figure class=\"wp-block-image\"><img loading=\"lazy\" decoding=\"async\" width=\"860\" height=\"645\" src=\"http:\/\/www.fumssar.com.br\/wp-content\/uploads\/2022\/07\/Formato-Site-e-Portal-860X645-JPG-15.jpg\" alt=\"\" class=\"wp-image-21471\" srcset=\"https:\/\/www.fumssar.com.br\/wp-content\/uploads\/2022\/07\/Formato-Site-e-Portal-860X645-JPG-15.jpg 860w, https:\/\/www.fumssar.com.br\/wp-content\/uploads\/2022\/07\/Formato-Site-e-Portal-860X645-JPG-15-300x225.jpg 300w, https:\/\/www.fumssar.com.br\/wp-content\/uploads\/2022\/07\/Formato-Site-e-Portal-860X645-JPG-15-768x576.jpg 768w\" sizes=\"(max-width: 860px) 100vw, 860px\" \/><\/figure>\n\n\n\n<p><strong>DENGUE:<\/strong><br> No per\u00edodo epidemiol\u00f3gico registrado do in\u00edcio do ano, at\u00e9 esta segunda-feira (11), Santa Rosa teve 2.755 notifica\u00e7\u00f5es do v\u00edrus, sendo 2.554 casos confirmados e 135 em investiga\u00e7\u00e3o. Das confirma\u00e7\u00f5es, 2.546 casos s\u00e3o aut\u00f3ctones (casos que as pessoas contra\u00edram o v\u00edrus em Santa Rosa) e 08 importados (contra\u00eddos fora do munic\u00edpio). A FUMSSAR segue realizando a\u00e7\u00f5es de preven\u00e7\u00e3o no combate \u00e0 Dengue e orienta a popula\u00e7\u00e3o para que n\u00e3o deixe \u00e1gua parada. Caso sejam observados sintomas da doen\u00e7a, o cidad\u00e3o deve manter a hidrata\u00e7\u00e3o e procurar a Unidade B\u00e1sica de Sa\u00fade de refer\u00eancia. Se houver algum sintoma grave, a orienta\u00e7\u00e3o \u00e9 para procurar a Unidade de Pronto Atendimento (UPA).<\/p>\n\n\n\n<p><strong>COVID-19:<\/strong><br> A imuniza\u00e7\u00e3o segue sendo realizada na Central de Vacinas da FUMSSAR, com a aplica\u00e7\u00e3o de todas as doses: dose um (D1), dose dois (D2) e as doses de refor\u00e7o (DR). Os cidad\u00e3os que forem se vacinar, precisam levar documento com foto, CPF, cart\u00e3o SUS e a caderneta de vacina\u00e7\u00e3o. Os jovens, dos 05 aos 15 anos, precisam ir acompanhados dos pais ou respons\u00e1vel legal. A Central de Vacinas da FUMSSAR fica localizada na Rua Dr. Francisco Timm, 480 \u2013 centro, no subsolo (entrada pela lateral). O atendimento \u00e9 por ordem de chegada, de segunda a sexta-feira, das 13h30min \u00e0s 17h.<\/p>\n\n\n\n<p><strong>Confira abaixo quem pode se vacinar:<\/strong><br><br><strong>1\u00aa Dose &#8211;<\/strong> Por faixa et\u00e1ria: A partir dos 05 anos<br><br><strong>2\u00aa Dose &#8211;<\/strong> Intervalo<br> Coronavac: Ap\u00f3s 28 dias da D1<br> Astrazeneca e Pfizer: Ap\u00f3s 08 semanas da D1<\/p>\n\n\n\n<p><strong>3\u00aa Dose ou Primeira Dose de Refor\u00e7o \u2013 DR1:<\/strong> A partir dos 12 anos<br> Ap\u00f3s 120 dias (4 meses) da 2\u00aa Dose de Pfizer, Astrazeneca ou Coronavac<br> DR1 da Janssen: de 02 a 06 meses ap\u00f3s a 1\u00aa dose<\/p>\n\n\n\n<p><strong>4\u00aa Dose ou Segunda Dose de Refor\u00e7o \u2013 DR2:<\/strong> Ap\u00f3s 120 dias (4 meses) da DR1<br> Por faixa et\u00e1ria: A partir dos 40 anos<br> DR2 da Janssen: dos 18 aos 39 anos<br> Imunossuprimidos<br> Profissionais da Sa\u00fade<\/p>\n","protected":false},"excerpt":{"rendered":"<p>DENGUE: No per\u00edodo epidemiol\u00f3gico registrado do in\u00edcio do ano, at\u00e9 esta segunda-feira (11), Santa Rosa&#8230;<\/p>\n","protected":false},"author":36,"featured_media":21471,"comment_status":"closed","ping_status":"closed","sticky":false,"template":"","format":"standard","meta":{"footnotes":""},"categories":[152,2],"tags":[],"_links":{"self":[{"href":"https:\/\/www.fumssar.com.br\/index.php?rest_route=\/wp\/v2\/posts\/21470"}],"collection":[{"href":"https:\/\/www.fumssar.com.br\/index.php?rest_route=\/wp\/v2\/posts"}],"about":[{"href":"https:\/\/www.fumssar.com.br\/index.php?rest_route=\/wp\/v2\/types\/post"}],"author":[{"embeddable":true,"href":"https:\/\/www.fumssar.com.br\/index.php?rest_route=\/wp\/v2\/users\/36"}],"replies":[{"embeddable":true,"href":"https:\/\/www.fumssar.com.br\/index.php?rest_route=%2Fwp%2Fv2%2Fcomments&post=21470"}],"version-history":[{"count":1,"href":"https:\/\/www.fumssar.com.br\/index.php?rest_route=\/wp\/v2\/posts\/21470\/revisions"}],"predecessor-version":[{"id":21472,"href":"https:\/\/www.fumssar.com.br\/index.php?rest_route=\/wp\/v2\/posts\/21470\/revisions\/21472"}],"wp:featuredmedia":[{"embeddable":true,"href":"https:\/\/www.fumssar.com.br\/index.php?rest_route=\/wp\/v2\/media\/21471"}],"wp:attachment":[{"href":"https:\/\/www.fumssar.com.br\/index.php?rest_route=%2Fwp%2Fv2%2Fmedia&parent=21470"}],"wp:term":[{"taxonomy":"category","embeddable":true,"href":"https:\/\/www.fumssar.com.br\/index.php?rest_route=%2Fwp%2Fv2%2Fcategories&post=21470"},{"taxonomy":"post_tag","embeddable":true,"href":"https:\/\/www.fumssar.com.br\/index.php?rest_route=%2Fwp%2Fv2%2Ftags&post=21470"}],"curies":[{"name":"wp","href":"https:\/\/api.w.org\/{rel}","templated":true}]}}