{"id":21445,"date":"2022-07-07T17:22:20","date_gmt":"2022-07-07T20:22:20","guid":{"rendered":"http:\/\/www.fumssar.com.br\/?p=21445"},"modified":"2024-10-07T16:33:15","modified_gmt":"2024-10-07T19:33:15","slug":"programa-movimenta-completa-03-meses-de-funcionamento","status":"publish","type":"post","link":"https:\/\/www.fumssar.com.br\/?p=21445","title":{"rendered":"Programa Movimenta completa 03 meses de funcionamento"},"content":{"rendered":"\n<figure class=\"wp-block-image\"><img loading=\"lazy\" decoding=\"async\" width=\"1024\" height=\"768\" src=\"http:\/\/www.fumssar.com.br\/wp-content\/uploads\/2022\/07\/WhatsApp-Image-2022-07-07-at-17.19.30-1024x768.jpeg\" alt=\"\" class=\"wp-image-21446\" srcset=\"https:\/\/www.fumssar.com.br\/wp-content\/uploads\/2022\/07\/WhatsApp-Image-2022-07-07-at-17.19.30.jpeg 1024w, https:\/\/www.fumssar.com.br\/wp-content\/uploads\/2022\/07\/WhatsApp-Image-2022-07-07-at-17.19.30-300x225.jpeg 300w, https:\/\/www.fumssar.com.br\/wp-content\/uploads\/2022\/07\/WhatsApp-Image-2022-07-07-at-17.19.30-768x576.jpeg 768w\" sizes=\"(max-width: 1024px) 100vw, 1024px\" \/><\/figure>\n\n\n\n<p>O Prefeito Anderson Mantei, esteve na manh\u00e3 desta quinta-feira (07), conhecendo as atividades realizadas pelo Programa Movimenta. O projeto implementado em abril, j\u00e1 beneficiou mais de 80 crian\u00e7as do munic\u00edpio. O Movimenta \u00e9 uma iniciativa da FUMSSAR, por meio do PSE &#8211; Programa Sa\u00fade na Escola, em parceria com a Secretaria de Educa\u00e7\u00e3o e Cultura e o LAFPS \u2013 Laborat\u00f3rio de Atividade F\u00edsica e Promo\u00e7\u00e3o da Sa\u00fade da UNIJU\u00cd. O objetivo do programa \u00e9 promover a alimenta\u00e7\u00e3o saud\u00e1vel e incentivar a pr\u00e1tica de atividades f\u00edsicas. Participaram do encontro, o Presidente da Funda\u00e7\u00e3o, D\u00e9lcio Stefan, a Secret\u00e1ria de Educa\u00e7\u00e3o, Lires Zimmermann, a Diretora da Aten\u00e7\u00e3o Prim\u00e1ria, Fabiana Breitenbach, a Coordenadora do PSE, Andr\u00e9a Bauken, a Coordenadora do LAFPS, Moane Krug, profissionais que trabalham no projeto, representantes das escolas participantes e alunos.<\/p>\n\n\n\n<p>Na oportunidade, os alunos trouxeram depoimentos sobre a experi\u00eancia vivenciada no programa e demonstraram algumas das pr\u00e1ticas esportivas trabalhadas. O Prefeito Anderson Mantei, interagiu com os estudantes e incentivou que continuem participando do programa, \u201c\u00c9 muito bom ver iniciativas como esta, que melhoram a qualidade de vida das nossas crian\u00e7as e adolescentes, al\u00e9m de promover um estilo de vida mais saud\u00e1vel\u201d. As atividades realizadas no Movimenta, contribuem para o desenvolvimento integral dos estudantes.  Os participantes s\u00e3o encaminhados at\u00e9 o campus da UNIJUI, duas vezes na semana, para realizarem oficinas e receberem orienta\u00e7\u00f5es de alimenta\u00e7\u00e3o saud\u00e1vel e sa\u00fade mental.<\/p>\n\n\n\n<p>Para ingressar no projeto, os estudantes passam por uma avalia\u00e7\u00e3o f\u00edsico-funcional e precisam ter a autoriza\u00e7\u00e3o dos pais ou respons\u00e1veis. Para o Presidente da FUMSSAR, D\u00e9lcio Stefan, o Movimenta \u00e9 mais uma a\u00e7\u00e3o estrat\u00e9gica de sa\u00fade p\u00fablica, implementada em Santa Rosa, \u201cO Movimenta foi criado para oferecer aos jovens, mais sa\u00fade e bem-estar. As pr\u00e1ticas desenvolvidas contribuem para diminuir a ansiedade, melhorar a concentra\u00e7\u00e3o e a disposi\u00e7\u00e3o\u201d. O projeto ainda conta com o apoio da Secretaria de Educa\u00e7\u00e3o e Cultura, que disponibiliza o transporte escolar aos participantes.<\/p>\n","protected":false},"excerpt":{"rendered":"<p>O Prefeito Anderson Mantei, esteve na manh\u00e3 desta quinta-feira (07), conhecendo as atividades realizadas pelo&#8230;<\/p>\n","protected":false},"author":36,"featured_media":21446,"comment_status":"closed","ping_status":"closed","sticky":false,"template":"","format":"standard","meta":{"footnotes":""},"categories":[2],"tags":[],"_links":{"self":[{"href":"https:\/\/www.fumssar.com.br\/index.php?rest_route=\/wp\/v2\/posts\/21445"}],"collection":[{"href":"https:\/\/www.fumssar.com.br\/index.php?rest_route=\/wp\/v2\/posts"}],"about":[{"href":"https:\/\/www.fumssar.com.br\/index.php?rest_route=\/wp\/v2\/types\/post"}],"author":[{"embeddable":true,"href":"https:\/\/www.fumssar.com.br\/index.php?rest_route=\/wp\/v2\/users\/36"}],"replies":[{"embeddable":true,"href":"https:\/\/www.fumssar.com.br\/index.php?rest_route=%2Fwp%2Fv2%2Fcomments&post=21445"}],"version-history":[{"count":1,"href":"https:\/\/www.fumssar.com.br\/index.php?rest_route=\/wp\/v2\/posts\/21445\/revisions"}],"predecessor-version":[{"id":21447,"href":"https:\/\/www.fumssar.com.br\/index.php?rest_route=\/wp\/v2\/posts\/21445\/revisions\/21447"}],"wp:featuredmedia":[{"embeddable":true,"href":"https:\/\/www.fumssar.com.br\/index.php?rest_route=\/wp\/v2\/media\/21446"}],"wp:attachment":[{"href":"https:\/\/www.fumssar.com.br\/index.php?rest_route=%2Fwp%2Fv2%2Fmedia&parent=21445"}],"wp:term":[{"taxonomy":"category","embeddable":true,"href":"https:\/\/www.fumssar.com.br\/index.php?rest_route=%2Fwp%2Fv2%2Fcategories&post=21445"},{"taxonomy":"post_tag","embeddable":true,"href":"https:\/\/www.fumssar.com.br\/index.php?rest_route=%2Fwp%2Fv2%2Ftags&post=21445"}],"curies":[{"name":"wp","href":"https:\/\/api.w.org\/{rel}","templated":true}]}}