{"id":21389,"date":"2022-06-30T16:47:40","date_gmt":"2022-06-30T19:47:40","guid":{"rendered":"http:\/\/www.fumssar.com.br\/?p=21389"},"modified":"2024-10-07T16:33:15","modified_gmt":"2024-10-07T19:33:15","slug":"presidente-da-fumssar-participa-do-32o-congresso-do-cosems-rs","status":"publish","type":"post","link":"https:\/\/www.fumssar.com.br\/?p=21389","title":{"rendered":"Presidente da FUMSSAR participa do 32\u00ba Congresso do COSEMS\/RS"},"content":{"rendered":"\n<figure class=\"wp-block-image\"><img loading=\"lazy\" decoding=\"async\" width=\"1024\" height=\"768\" src=\"http:\/\/www.fumssar.com.br\/wp-content\/uploads\/2022\/06\/WhatsApp-Image-2022-06-30-at-15.52.30-1-1024x768.jpeg\" alt=\"\" class=\"wp-image-21390\" srcset=\"https:\/\/www.fumssar.com.br\/wp-content\/uploads\/2022\/06\/WhatsApp-Image-2022-06-30-at-15.52.30-1.jpeg 1024w, https:\/\/www.fumssar.com.br\/wp-content\/uploads\/2022\/06\/WhatsApp-Image-2022-06-30-at-15.52.30-1-300x225.jpeg 300w, https:\/\/www.fumssar.com.br\/wp-content\/uploads\/2022\/06\/WhatsApp-Image-2022-06-30-at-15.52.30-1-768x576.jpeg 768w\" sizes=\"(max-width: 1024px) 100vw, 1024px\" \/><\/figure>\n\n\n\n<p>O Presidente da Funda\u00e7\u00e3o Municipal de Sa\u00fade de Santa Rosa, D\u00e9lcio Stefan est\u00e1 participando do 32\u00ba Congresso do Conselho das Secretarias Municipais de Sa\u00fade do Rio Grande do Sul &#8211; COSEMS\/RS. O evento que acontece em Gramado, na Serra Ga\u00facha, iniciou na quarta-feira (29) e encerra nesta quinta-feira (30). Dentre as atividades propostas, o objetivo \u00e9 apresentar aos participantes, experi\u00eancias exitosas em sa\u00fade p\u00fablica espalhadas pelo Rio Grande do Sul. Est\u00e3o presentes, representando o munic\u00edpio de Santa Rosa, junto com o Presidente da FUMSSAR, o Diretor Administrativo Rog\u00e9rio Santos e o Diretor de Gest\u00e3o Estrat\u00e9gica e Participativa, Fernando Borella. <\/p>\n\n\n\n<p>O objetivo do 32\u00ba Congresso que tem como tema: \u201cMostra teu SUS, Rio Grande do Sul\u201d, \u00e9 promover a\u00e7\u00f5es bem sucedidas do SUS, criativas e inovadoras, que fa\u00e7am a diferen\u00e7a no atendimento e acolhimento da popula\u00e7\u00e3o usu\u00e1ria. O Presidente da FUMSSAR, D\u00e9lcio Stefan, faz parte da diretoria do COSEMS\/RS, onde atua como 2\u00ba Tesoureiro. Durante a programa\u00e7\u00e3o, o presidente e o diretor administrativo da Funda\u00e7\u00e3o, em parceria com a empresa IPM Sistemas, apresentaram uma palestra, sobre: \u201cComo a tecnologia transformou Santa Rosa, refer\u00eancia em gest\u00e3o da sa\u00fade municipal\u201d. \u201cTem sido uma grande oportunidade de encontrar colegas secret\u00e1rios, gestores, trocar ideias e compartilhar experi\u00eancias de sa\u00fade p\u00fablica. Estamos assumindo grandes desafios em Santa Rosa, sempre com o objetivo, de oferecer uma sa\u00fade de qualidade para a popula\u00e7\u00e3o\u201d, destacou D\u00e9lcio.<br><br>Mais de mil pessoas se inscreveram para a 32\u00aa edi\u00e7\u00e3o do Congresso do COSEMS\/RS. Prefeitos, Secret\u00e1rios Municipais de Sa\u00fade, assessores e t\u00e9cnicos das equipes de gest\u00e3o dos munic\u00edpios participam de pain\u00e9is, apresenta\u00e7\u00f5es e palestras sobre sa\u00fade p\u00fablica. O evento tamb\u00e9m conta com o apoio e a participa\u00e7\u00e3o de autoridades do Governo Estadual, equipe da SES\/RS e do Minist\u00e9rio da Sa\u00fade.<\/p>\n","protected":false},"excerpt":{"rendered":"<p>O Presidente da Funda\u00e7\u00e3o Municipal de Sa\u00fade de Santa Rosa, D\u00e9lcio Stefan est\u00e1 participando do&#8230;<\/p>\n","protected":false},"author":36,"featured_media":21390,"comment_status":"closed","ping_status":"closed","sticky":false,"template":"","format":"standard","meta":{"footnotes":""},"categories":[2],"tags":[],"_links":{"self":[{"href":"https:\/\/www.fumssar.com.br\/index.php?rest_route=\/wp\/v2\/posts\/21389"}],"collection":[{"href":"https:\/\/www.fumssar.com.br\/index.php?rest_route=\/wp\/v2\/posts"}],"about":[{"href":"https:\/\/www.fumssar.com.br\/index.php?rest_route=\/wp\/v2\/types\/post"}],"author":[{"embeddable":true,"href":"https:\/\/www.fumssar.com.br\/index.php?rest_route=\/wp\/v2\/users\/36"}],"replies":[{"embeddable":true,"href":"https:\/\/www.fumssar.com.br\/index.php?rest_route=%2Fwp%2Fv2%2Fcomments&post=21389"}],"version-history":[{"count":1,"href":"https:\/\/www.fumssar.com.br\/index.php?rest_route=\/wp\/v2\/posts\/21389\/revisions"}],"predecessor-version":[{"id":21391,"href":"https:\/\/www.fumssar.com.br\/index.php?rest_route=\/wp\/v2\/posts\/21389\/revisions\/21391"}],"wp:featuredmedia":[{"embeddable":true,"href":"https:\/\/www.fumssar.com.br\/index.php?rest_route=\/wp\/v2\/media\/21390"}],"wp:attachment":[{"href":"https:\/\/www.fumssar.com.br\/index.php?rest_route=%2Fwp%2Fv2%2Fmedia&parent=21389"}],"wp:term":[{"taxonomy":"category","embeddable":true,"href":"https:\/\/www.fumssar.com.br\/index.php?rest_route=%2Fwp%2Fv2%2Fcategories&post=21389"},{"taxonomy":"post_tag","embeddable":true,"href":"https:\/\/www.fumssar.com.br\/index.php?rest_route=%2Fwp%2Fv2%2Ftags&post=21389"}],"curies":[{"name":"wp","href":"https:\/\/api.w.org\/{rel}","templated":true}]}}