{"id":21362,"date":"2022-06-24T15:41:57","date_gmt":"2022-06-24T18:41:57","guid":{"rendered":"http:\/\/www.fumssar.com.br\/?p=21362"},"modified":"2024-10-07T16:33:15","modified_gmt":"2024-10-07T19:33:15","slug":"sabado-e-dia-de-mutirao-de-vacinacao-2","status":"publish","type":"post","link":"https:\/\/www.fumssar.com.br\/?p=21362","title":{"rendered":"S\u00e1bado \u00e9 dia de Mutir\u00e3o de Vacina\u00e7\u00e3o"},"content":{"rendered":"\n<figure class=\"wp-block-image\"><img loading=\"lazy\" decoding=\"async\" width=\"860\" height=\"645\" src=\"http:\/\/www.fumssar.com.br\/wp-content\/uploads\/2022\/06\/Formato-Site-e-Portal-860X645-JPG-28.jpg\" alt=\"\" class=\"wp-image-21363\" srcset=\"https:\/\/www.fumssar.com.br\/wp-content\/uploads\/2022\/06\/Formato-Site-e-Portal-860X645-JPG-28.jpg 860w, https:\/\/www.fumssar.com.br\/wp-content\/uploads\/2022\/06\/Formato-Site-e-Portal-860X645-JPG-28-300x225.jpg 300w, https:\/\/www.fumssar.com.br\/wp-content\/uploads\/2022\/06\/Formato-Site-e-Portal-860X645-JPG-28-768x576.jpg 768w\" sizes=\"(max-width: 860px) 100vw, 860px\" \/><\/figure>\n\n\n\n<p>A Funda\u00e7\u00e3o Municipal de Sa\u00fade de Santa Rosa vai realizar no s\u00e1bado (25), um mutir\u00e3o de vacina\u00e7\u00e3o. V\u00e3o ser aplicadas as vacinas contra a Gripe (Influenza) e demais vacinas do calend\u00e1rio, em todas as Unidades B\u00e1sicas de Sa\u00fade. A imuniza\u00e7\u00e3o contra a COVID-19, tamb\u00e9m acontece no mesmo hor\u00e1rio, na Central de Vacinas da FUMSSAR. O mutir\u00e3o vai ser realizado das 08h \u00e0s 14h. As crian\u00e7as que forem se vacinar precisam ir acompanhadas dos pais ou respons\u00e1veis e levar junto certid\u00e3o de nascimento, cart\u00e3o SUS e a caderneta de vacina\u00e7\u00e3o. Podem se vacinar contra a gripe, todas as pessoas a partir dos 06 meses de idade.<\/p>\n\n\n\n<p>Na Central, v\u00e3o ser realizadas todas as doses contra a COVID-19: dose um (D1), dose dois (D2) e as doses de refor\u00e7o (DR). A partir desta sexta-feira (24), a Segunda Dose de Refor\u00e7o (DR2), foi liberada para pessoas a partir dos 40 anos. A nova aplica\u00e7\u00e3o \u00e9 recomendada quatro meses ap\u00f3s a primeira dose de refor\u00e7o. No caso do imunizante da Janssen, a DR2 vai poder ser realizada para a faixa et\u00e1ria dos 18 aos 39 anos. Os cidad\u00e3os que forem se vacinar, precisam levar documento com foto, CPF, cart\u00e3o SUS e a caderneta de vacina\u00e7\u00e3o. Os jovens, dos 05 aos 15 anos, precisam ir acompanhados dos pais ou respons\u00e1vel legal. A Central de Vacinas da FUMSSAR fica localizada na Rua Dr. Francisco Timm, 480 \u2013 centro, no subsolo (entrada pela lateral).<\/p>\n","protected":false},"excerpt":{"rendered":"<p>A Funda\u00e7\u00e3o Municipal de Sa\u00fade de Santa Rosa vai realizar no s\u00e1bado (25), um mutir\u00e3o&#8230;<\/p>\n","protected":false},"author":36,"featured_media":21363,"comment_status":"closed","ping_status":"closed","sticky":false,"template":"","format":"standard","meta":{"footnotes":""},"categories":[152,2],"tags":[],"_links":{"self":[{"href":"https:\/\/www.fumssar.com.br\/index.php?rest_route=\/wp\/v2\/posts\/21362"}],"collection":[{"href":"https:\/\/www.fumssar.com.br\/index.php?rest_route=\/wp\/v2\/posts"}],"about":[{"href":"https:\/\/www.fumssar.com.br\/index.php?rest_route=\/wp\/v2\/types\/post"}],"author":[{"embeddable":true,"href":"https:\/\/www.fumssar.com.br\/index.php?rest_route=\/wp\/v2\/users\/36"}],"replies":[{"embeddable":true,"href":"https:\/\/www.fumssar.com.br\/index.php?rest_route=%2Fwp%2Fv2%2Fcomments&post=21362"}],"version-history":[{"count":1,"href":"https:\/\/www.fumssar.com.br\/index.php?rest_route=\/wp\/v2\/posts\/21362\/revisions"}],"predecessor-version":[{"id":21364,"href":"https:\/\/www.fumssar.com.br\/index.php?rest_route=\/wp\/v2\/posts\/21362\/revisions\/21364"}],"wp:featuredmedia":[{"embeddable":true,"href":"https:\/\/www.fumssar.com.br\/index.php?rest_route=\/wp\/v2\/media\/21363"}],"wp:attachment":[{"href":"https:\/\/www.fumssar.com.br\/index.php?rest_route=%2Fwp%2Fv2%2Fmedia&parent=21362"}],"wp:term":[{"taxonomy":"category","embeddable":true,"href":"https:\/\/www.fumssar.com.br\/index.php?rest_route=%2Fwp%2Fv2%2Fcategories&post=21362"},{"taxonomy":"post_tag","embeddable":true,"href":"https:\/\/www.fumssar.com.br\/index.php?rest_route=%2Fwp%2Fv2%2Ftags&post=21362"}],"curies":[{"name":"wp","href":"https:\/\/api.w.org\/{rel}","templated":true}]}}