{"id":21359,"date":"2022-06-23T17:08:22","date_gmt":"2022-06-23T20:08:22","guid":{"rendered":"http:\/\/www.fumssar.com.br\/?p=21359"},"modified":"2024-10-07T16:33:15","modified_gmt":"2024-10-07T19:33:15","slug":"nova-faixa-etaria-para-a-aplicacao-da-2a-dose-de-reforco-contra-a-covid-19","status":"publish","type":"post","link":"https:\/\/www.fumssar.com.br\/?p=21359","title":{"rendered":"Nova faixa et\u00e1ria para a aplica\u00e7\u00e3o da 2\u00aa Dose de Refor\u00e7o contra a COVID-19"},"content":{"rendered":"\n<figure class=\"wp-block-image\"><img loading=\"lazy\" decoding=\"async\" width=\"860\" height=\"645\" src=\"http:\/\/www.fumssar.com.br\/wp-content\/uploads\/2022\/06\/Formato-Site-e-Portal-860X645-JPG-26.jpg\" alt=\"\" class=\"wp-image-21360\" srcset=\"https:\/\/www.fumssar.com.br\/wp-content\/uploads\/2022\/06\/Formato-Site-e-Portal-860X645-JPG-26.jpg 860w, https:\/\/www.fumssar.com.br\/wp-content\/uploads\/2022\/06\/Formato-Site-e-Portal-860X645-JPG-26-300x225.jpg 300w, https:\/\/www.fumssar.com.br\/wp-content\/uploads\/2022\/06\/Formato-Site-e-Portal-860X645-JPG-26-768x576.jpg 768w\" sizes=\"(max-width: 860px) 100vw, 860px\" \/><\/figure>\n\n\n\n<p>A Funda\u00e7\u00e3o Municipal de Sa\u00fade de Santa Rosa informa que a partir desta sexta-feira (24), a Segunda Dose de Refor\u00e7o (DR2), passa a ser aplicada para pessoas a partir dos 40 anos. A nova aplica\u00e7\u00e3o \u00e9 recomendada quatro meses ap\u00f3s a primeira dose de refor\u00e7o. Caso o cidad\u00e3o estiver com alguma outra dose em atraso, deve primeiro completar o esquema (prim\u00e1rio ou refor\u00e7o), dentro dos prazos estabelecidos. No caso do imunizante da Janssen, a Segunda Dose de Refor\u00e7o vai ser realizada para a faixa et\u00e1ria dos 18 aos 39 anos. A imuniza\u00e7\u00e3o vai acontecer mediante a disponibilidade das doses.<\/p>\n\n\n\n<p>A quarta dose vai ser aplicada na Central de Vacinas da FUMSSAR. O atendimento acontece no turno da tarde, das 13h30min \u00e0s 17h, de segunda a sexta-feira. A Central fica localizada na Rua Dr. Francisco Timm, 480 \u2013 centro, no subsolo (entrada pela lateral). N\u00e3o \u00e9 necess\u00e1rio realizar o agendamento. A aplica\u00e7\u00e3o acontece por ordem de chegada. Para realizar a imuniza\u00e7\u00e3o, \u00e9 necess\u00e1rio levar documento com foto, CPF, cart\u00e3o SUS e a caderneta de vacina\u00e7\u00e3o.<\/p>\n","protected":false},"excerpt":{"rendered":"<p>A Funda\u00e7\u00e3o Municipal de Sa\u00fade de Santa Rosa informa que a partir desta sexta-feira (24),&#8230;<\/p>\n","protected":false},"author":36,"featured_media":21360,"comment_status":"closed","ping_status":"closed","sticky":false,"template":"","format":"standard","meta":{"footnotes":""},"categories":[152,2],"tags":[],"_links":{"self":[{"href":"https:\/\/www.fumssar.com.br\/index.php?rest_route=\/wp\/v2\/posts\/21359"}],"collection":[{"href":"https:\/\/www.fumssar.com.br\/index.php?rest_route=\/wp\/v2\/posts"}],"about":[{"href":"https:\/\/www.fumssar.com.br\/index.php?rest_route=\/wp\/v2\/types\/post"}],"author":[{"embeddable":true,"href":"https:\/\/www.fumssar.com.br\/index.php?rest_route=\/wp\/v2\/users\/36"}],"replies":[{"embeddable":true,"href":"https:\/\/www.fumssar.com.br\/index.php?rest_route=%2Fwp%2Fv2%2Fcomments&post=21359"}],"version-history":[{"count":1,"href":"https:\/\/www.fumssar.com.br\/index.php?rest_route=\/wp\/v2\/posts\/21359\/revisions"}],"predecessor-version":[{"id":21361,"href":"https:\/\/www.fumssar.com.br\/index.php?rest_route=\/wp\/v2\/posts\/21359\/revisions\/21361"}],"wp:featuredmedia":[{"embeddable":true,"href":"https:\/\/www.fumssar.com.br\/index.php?rest_route=\/wp\/v2\/media\/21360"}],"wp:attachment":[{"href":"https:\/\/www.fumssar.com.br\/index.php?rest_route=%2Fwp%2Fv2%2Fmedia&parent=21359"}],"wp:term":[{"taxonomy":"category","embeddable":true,"href":"https:\/\/www.fumssar.com.br\/index.php?rest_route=%2Fwp%2Fv2%2Fcategories&post=21359"},{"taxonomy":"post_tag","embeddable":true,"href":"https:\/\/www.fumssar.com.br\/index.php?rest_route=%2Fwp%2Fv2%2Ftags&post=21359"}],"curies":[{"name":"wp","href":"https:\/\/api.w.org\/{rel}","templated":true}]}}