{"id":21356,"date":"2022-06-22T14:34:33","date_gmt":"2022-06-22T17:34:33","guid":{"rendered":"http:\/\/www.fumssar.com.br\/?p=21356"},"modified":"2024-10-07T16:33:16","modified_gmt":"2024-10-07T19:33:16","slug":"profissionais-do-cer-realizam-atividades-praticas-com-criancas-e-adolescentes","status":"publish","type":"post","link":"https:\/\/www.fumssar.com.br\/?p=21356","title":{"rendered":"Profissionais do CER realizam atividades pr\u00e1ticas com crian\u00e7as e adolescentes"},"content":{"rendered":"\n<figure class=\"wp-block-image\"><img loading=\"lazy\" decoding=\"async\" width=\"860\" height=\"645\" src=\"http:\/\/www.fumssar.com.br\/wp-content\/uploads\/2022\/06\/CER.jpg\" alt=\"\" class=\"wp-image-21357\" srcset=\"https:\/\/www.fumssar.com.br\/wp-content\/uploads\/2022\/06\/CER.jpg 860w, https:\/\/www.fumssar.com.br\/wp-content\/uploads\/2022\/06\/CER-300x225.jpg 300w, https:\/\/www.fumssar.com.br\/wp-content\/uploads\/2022\/06\/CER-768x576.jpg 768w\" sizes=\"(max-width: 860px) 100vw, 860px\" \/><\/figure>\n\n\n\n<p>A promo\u00e7\u00e3o de experi\u00eancias sobre tarefas do cotidiano como, o preparo de alimentos, \u00e9 um dos aspectos trabalhados no processo terap\u00eautico no CER II \u2013 Santa Rosa. A Psic\u00f3loga Franciele Bach e os Terapeutas Ocupacionais L\u00edgia Junges e Douglas Utzig realizaram uma atividade de prepara\u00e7\u00e3o de alimentos. Participaram do projeto 05 crian\u00e7as e 04 adolescentes, que fazem parte do grupo de reabilita\u00e7\u00e3o intelectual. O objetivo foi promover a intera\u00e7\u00e3o entre os usu\u00e1rios e conversar sobre a alimenta\u00e7\u00e3o saud\u00e1vel.<br><br>A execu\u00e7\u00e3o da atividade iniciou com o planejamento, momento em que os participantes puderam decidir quais seriam os alimentos preparados e os ingredientes necess\u00e1rios para a prepara\u00e7\u00e3o. Posteriormente, a cozinha do CER II foi utilizada para a realiza\u00e7\u00e3o das receitas. Os usu\u00e1rios puderam aprender sobre as etapas e os cuidados envolvidos na prepara\u00e7\u00e3o de alimentos, tais como: a higieniza\u00e7\u00e3o pessoal, do ambiente, o uso de utens\u00edlios e de eletrodom\u00e9sticos e o passo a passo no preparo da refei\u00e7\u00e3o. Ao final, o grupo experimentou os alimentos preparados. A Psic\u00f3loga Franciele Bach destacou a a\u00e7\u00e3o, \u201cO processo de reabilita\u00e7\u00e3o precisa ser significativo, estimulando habilidades que ser\u00e3o necess\u00e1rias na vida do indiv\u00edduo e contribuindo para a sua autonomia\u201d.<\/p>\n\n\n\n<p>A alimenta\u00e7\u00e3o faz parte das atividades do dia a dia e a realiza\u00e7\u00e3o dessa tarefa, envolve v\u00e1rias habilidades cognitivas, dentre elas, aten\u00e7\u00e3o, mem\u00f3ria e fun\u00e7\u00f5es executivas. Para a Terapeuta Ocupacional L\u00edgia Junges, essas a\u00e7\u00f5es precisam estar estruturadas dentro da rotina do indiv\u00edduo de modo a proporcionar organiza\u00e7\u00e3o, seguran\u00e7a e bem-estar, \u201cPercebemos que atrav\u00e9s das experi\u00eancias vivenciadas os indiv\u00edduos desenvolvem diversas habilidades com resultados no aprendizado\u201d. O Centro Especializado em Reabilita\u00e7\u00e3o Auditiva e Intelectual (CER II) \u00e9 um servi\u00e7o oferecido pela Funda\u00e7\u00e3o Municipal de Sa\u00fade de Santa Rosa e funciona de&nbsp;segunda&nbsp;a&nbsp;sexta-feira, das 07h30min \u00e0s 11h30min e das 13h30min \u00e0s 17h30min.<\/p>\n","protected":false},"excerpt":{"rendered":"<p>A promo\u00e7\u00e3o de experi\u00eancias sobre tarefas do cotidiano como, o preparo de alimentos, \u00e9 um&#8230;<\/p>\n","protected":false},"author":36,"featured_media":21357,"comment_status":"closed","ping_status":"closed","sticky":false,"template":"","format":"standard","meta":{"footnotes":""},"categories":[2],"tags":[],"_links":{"self":[{"href":"https:\/\/www.fumssar.com.br\/index.php?rest_route=\/wp\/v2\/posts\/21356"}],"collection":[{"href":"https:\/\/www.fumssar.com.br\/index.php?rest_route=\/wp\/v2\/posts"}],"about":[{"href":"https:\/\/www.fumssar.com.br\/index.php?rest_route=\/wp\/v2\/types\/post"}],"author":[{"embeddable":true,"href":"https:\/\/www.fumssar.com.br\/index.php?rest_route=\/wp\/v2\/users\/36"}],"replies":[{"embeddable":true,"href":"https:\/\/www.fumssar.com.br\/index.php?rest_route=%2Fwp%2Fv2%2Fcomments&post=21356"}],"version-history":[{"count":1,"href":"https:\/\/www.fumssar.com.br\/index.php?rest_route=\/wp\/v2\/posts\/21356\/revisions"}],"predecessor-version":[{"id":21358,"href":"https:\/\/www.fumssar.com.br\/index.php?rest_route=\/wp\/v2\/posts\/21356\/revisions\/21358"}],"wp:featuredmedia":[{"embeddable":true,"href":"https:\/\/www.fumssar.com.br\/index.php?rest_route=\/wp\/v2\/media\/21357"}],"wp:attachment":[{"href":"https:\/\/www.fumssar.com.br\/index.php?rest_route=%2Fwp%2Fv2%2Fmedia&parent=21356"}],"wp:term":[{"taxonomy":"category","embeddable":true,"href":"https:\/\/www.fumssar.com.br\/index.php?rest_route=%2Fwp%2Fv2%2Fcategories&post=21356"},{"taxonomy":"post_tag","embeddable":true,"href":"https:\/\/www.fumssar.com.br\/index.php?rest_route=%2Fwp%2Fv2%2Ftags&post=21356"}],"curies":[{"name":"wp","href":"https:\/\/api.w.org\/{rel}","templated":true}]}}