{"id":21317,"date":"2022-06-14T17:17:21","date_gmt":"2022-06-14T20:17:21","guid":{"rendered":"http:\/\/www.fumssar.com.br\/?p=21317"},"modified":"2024-10-07T16:33:16","modified_gmt":"2024-10-07T19:33:16","slug":"fumssar-implementa-mais-um-plantao-de-inverno","status":"publish","type":"post","link":"https:\/\/www.fumssar.com.br\/?p=21317","title":{"rendered":"FUMSSAR implementa mais um plant\u00e3o de inverno"},"content":{"rendered":"\n<figure class=\"wp-block-image\"><img loading=\"lazy\" decoding=\"async\" width=\"860\" height=\"645\" src=\"http:\/\/www.fumssar.com.br\/wp-content\/uploads\/2022\/06\/Formato-Site-e-Portal-860X645-JPG-10.jpg\" alt=\"\" class=\"wp-image-21318\" srcset=\"https:\/\/www.fumssar.com.br\/wp-content\/uploads\/2022\/06\/Formato-Site-e-Portal-860X645-JPG-10.jpg 860w, https:\/\/www.fumssar.com.br\/wp-content\/uploads\/2022\/06\/Formato-Site-e-Portal-860X645-JPG-10-300x225.jpg 300w, https:\/\/www.fumssar.com.br\/wp-content\/uploads\/2022\/06\/Formato-Site-e-Portal-860X645-JPG-10-768x576.jpg 768w\" sizes=\"(max-width: 860px) 100vw, 860px\" \/><\/figure>\n\n\n\n<p>A Funda\u00e7\u00e3o Municipal de Sa\u00fade de Santa Rosa implementou mais um plant\u00e3o de inverno no munic\u00edpio. O servi\u00e7o que come\u00e7ou nesta segunda-feira (13), \u00e9 espec\u00edfico para o atendimento de doen\u00e7as e sintomas respirat\u00f3rios (gripais). O plant\u00e3o vai funcionar na Unidade B\u00e1sica de Sa\u00fade Agr\u00edcola, das18h \u00e0s 21h. O atendimento \u00e9 de livre demanda, por ordem de chegada, com foco para os trabalhadores que n\u00e3o conseguem realizar o atendimento durante o dia. A equipe de sa\u00fade \u00e9 composta por: m\u00e9dico, enfermeiro e t\u00e9cnico de enfermagem.<\/p>\n\n\n\n<p>O novo servi\u00e7o \u00e9 um atendimento ambulatorial. O paciente com sintomas respirat\u00f3rios, chega no Plant\u00e3o de Inverno, \u00e9 atendido, se necess\u00e1rio medicado e liberado com as orienta\u00e7\u00f5es necess\u00e1rias. Caso seja uma situa\u00e7\u00e3o mais grave, vai ser realizado o encaminhamento para Unidade de Pronto Atendimento (UPA). O Presidente da FUMSSAR, D\u00e9lcio Stefan destacou a import\u00e2ncia do plant\u00e3o de inverno, nesta \u00e9poca do ano, \u201cTemos observado um aumento significativo da procura por consultas, por causa das s\u00edndromes respirat\u00f3rias. J\u00e1 implementamos um plant\u00e3o no in\u00edcio do m\u00eas e agora vamos disponibilizar mais um para atender a popula\u00e7\u00e3o. O objetivo do servi\u00e7o \u00e9 facilitar e agilizar o atendimento de casos leves e moderados, evitando interna\u00e7\u00f5es hospitalares\u201d.<\/p>\n\n\n\n<p>A FUMSSAR refor\u00e7a para a popula\u00e7\u00e3o alguns cuidados para prevenir as doen\u00e7as respirat\u00f3rias: deixar os ambientes bem ventilados, lavar as m\u00e3os com frequ\u00eancia, manter uma boa alimenta\u00e7\u00e3o e ingest\u00e3o de l\u00edquidos e dormir bem. Tamb\u00e9m \u00e9 indicado realizar a vacina da gripe (Influenza), que foi prorrogada at\u00e9 o dia 24\/06, para todas as pessoas a partir dos 06 meses de idade. A Unidade B\u00e1sica de Sa\u00fade Agr\u00edcola fica localizada na Rua Benvindo Giordani, 440, Vila Agr\u00edcola, Santa Rosa. <\/p>\n","protected":false},"excerpt":{"rendered":"<p>A Funda\u00e7\u00e3o Municipal de Sa\u00fade de Santa Rosa implementou mais um plant\u00e3o de inverno no&#8230;<\/p>\n","protected":false},"author":36,"featured_media":21318,"comment_status":"closed","ping_status":"closed","sticky":false,"template":"","format":"standard","meta":{"footnotes":""},"categories":[2],"tags":[],"_links":{"self":[{"href":"https:\/\/www.fumssar.com.br\/index.php?rest_route=\/wp\/v2\/posts\/21317"}],"collection":[{"href":"https:\/\/www.fumssar.com.br\/index.php?rest_route=\/wp\/v2\/posts"}],"about":[{"href":"https:\/\/www.fumssar.com.br\/index.php?rest_route=\/wp\/v2\/types\/post"}],"author":[{"embeddable":true,"href":"https:\/\/www.fumssar.com.br\/index.php?rest_route=\/wp\/v2\/users\/36"}],"replies":[{"embeddable":true,"href":"https:\/\/www.fumssar.com.br\/index.php?rest_route=%2Fwp%2Fv2%2Fcomments&post=21317"}],"version-history":[{"count":1,"href":"https:\/\/www.fumssar.com.br\/index.php?rest_route=\/wp\/v2\/posts\/21317\/revisions"}],"predecessor-version":[{"id":21319,"href":"https:\/\/www.fumssar.com.br\/index.php?rest_route=\/wp\/v2\/posts\/21317\/revisions\/21319"}],"wp:featuredmedia":[{"embeddable":true,"href":"https:\/\/www.fumssar.com.br\/index.php?rest_route=\/wp\/v2\/media\/21318"}],"wp:attachment":[{"href":"https:\/\/www.fumssar.com.br\/index.php?rest_route=%2Fwp%2Fv2%2Fmedia&parent=21317"}],"wp:term":[{"taxonomy":"category","embeddable":true,"href":"https:\/\/www.fumssar.com.br\/index.php?rest_route=%2Fwp%2Fv2%2Fcategories&post=21317"},{"taxonomy":"post_tag","embeddable":true,"href":"https:\/\/www.fumssar.com.br\/index.php?rest_route=%2Fwp%2Fv2%2Ftags&post=21317"}],"curies":[{"name":"wp","href":"https:\/\/api.w.org\/{rel}","templated":true}]}}